{"id":2010,"date":"2025-09-20T21:17:06","date_gmt":"2025-09-20T19:17:06","guid":{"rendered":"https:\/\/web.gruene-zh.ch\/waedenswil\/?p=2010"},"modified":"2025-09-22T10:41:09","modified_gmt":"2025-09-22T08:41:09","slug":"happybirthdayfreizeitanlage","status":"publish","type":"post","link":"https:\/\/web.gruene-zh.ch\/waedenswil\/blog\/allgemein\/happybirthdayfreizeitanlage","title":{"rendered":"Happy Birthday Freizeitanlage!"},"content":{"rendered":"","protected":false},"excerpt":{"rendered":"","protected":false},"author":33,"featured_media":2011,"comment_status":"closed","ping_status":"closed","sticky":false,"template":"","format":"standard","meta":{"_acf_changed":false,"inline_featured_image":false,"footnotes":""},"categories":[1],"tags":[],"class_list":["post-2010","post","type-post","status-publish","format-standard","has-post-thumbnail","hentry","category-allgemein"],"acf":[],"yoast_head":"<!-- This site is optimized with the Yoast SEO plugin v26.9 - https:\/\/yoast.com\/product\/yoast-seo-wordpress\/ -->\n<title>Happy Birthday Freizeitanlage! - GR\u00dcNE W\u00e4denswil<\/title>\n<meta name=\"description\" content=\"50 Jahre Jubil\u00e4um. Die Gr\u00fcne Partei freut sich wie en Sunnestrahl. So ein Geschenk, dass wir die Freizeitanlage immer noch in W\u00e4denswil haben. Das ist nicht selbstverst\u00e4ndlich. 2021 drohte die Schliessung. Der F\u00f6rderverein Freizeitanlage und die Gr\u00fcne Partei W\u00e4denswil wehrten sich erfolgreich! Und so werken weiterhin viele Kinderh\u00e4nde, die Holzw\u00fcrm und viele andere weiter. Gegr\u00fcndet wurde die Freizeitanlage \u00fcbrigens 1972, ebenfalls \u00fcber eine Volksinitiative. Damals ziemlich vision\u00e4r und rundherum bewundert. Bis heute.\" \/>\n<meta name=\"robots\" content=\"index, follow, max-snippet:-1, max-image-preview:large, max-video-preview:-1\" \/>\n<link rel=\"canonical\" href=\"https:\/\/web.gruene-zh.ch\/waedenswil\/blog\/allgemein\/happybirthdayfreizeitanlage\" \/>\n<meta property=\"og:locale\" content=\"de_DE\" \/>\n<meta property=\"og:type\" content=\"article\" \/>\n<meta property=\"og:title\" content=\"Happy Birthday Freizeitanlage! - GR\u00dcNE W\u00e4denswil\" \/>\n<meta property=\"og:description\" content=\"50 Jahre Jubil\u00e4um. Die Gr\u00fcne Partei freut sich wie en Sunnestrahl. So ein Geschenk, dass wir die Freizeitanlage immer noch in W\u00e4denswil \u2026\" \/>\n<meta property=\"og:url\" content=\"https:\/\/web.gruene-zh.ch\/waedenswil\/blog\/allgemein\/happybirthdayfreizeitanlage\" \/>\n<meta property=\"og:site_name\" content=\"GR\u00dcNE W\u00e4denswil\" \/>\n<meta property=\"article:published_time\" content=\"2025-09-20T19:17:06+00:00\" \/>\n<meta property=\"article:modified_time\" content=\"2025-09-22T08:41:09+00:00\" \/>\n<meta property=\"og:image\" content=\"https:\/\/web.gruene-zh.ch\/waedenswil\/wp-content\/uploads\/sites\/9\/2025\/09\/happybirthdayFreizeitanlage.png\" \/>\n\t<meta property=\"og:image:width\" content=\"781\" \/>\n\t<meta property=\"og:image:height\" content=\"630\" \/>\n\t<meta property=\"og:image:type\" content=\"image\/png\" \/>\n<meta name=\"author\" content=\"mayaalbrecht\" \/>\n<meta name=\"twitter:card\" content=\"summary_large_image\" \/>\n<meta name=\"twitter:label1\" content=\"Verfasst von\" \/>\n\t<meta name=\"twitter:data1\" content=\"mayaalbrecht\" \/>\n\t<meta name=\"twitter:label2\" content=\"Gesch\u00e4tzte Lesezeit\" \/>\n\t<meta name=\"twitter:data2\" content=\"3\u00a0Minuten\" \/>\n<script type=\"application\/ld+json\" class=\"yoast-schema-graph\">{\"@context\":\"https:\/\/schema.org\",\"@graph\":[{\"@type\":\"Article\",\"@id\":\"https:\/\/web.gruene-zh.ch\/waedenswil\/blog\/allgemein\/happybirthdayfreizeitanlage#article\",\"isPartOf\":{\"@id\":\"https:\/\/web.gruene-zh.ch\/waedenswil\/blog\/allgemein\/happybirthdayfreizeitanlage\"},\"author\":{\"name\":\"mayaalbrecht\",\"@id\":\"https:\/\/web.gruene-zh.ch\/waedenswil\/#\/schema\/person\/d628cc34470f3201ac84531ace92350b\"},\"headline\":\"Happy Birthday Freizeitanlage!\",\"datePublished\":\"2025-09-20T19:17:06+00:00\",\"dateModified\":\"2025-09-22T08:41:09+00:00\",\"mainEntityOfPage\":{\"@id\":\"https:\/\/web.gruene-zh.ch\/waedenswil\/blog\/allgemein\/happybirthdayfreizeitanlage\"},\"wordCount\":3,\"image\":{\"@id\":\"https:\/\/web.gruene-zh.ch\/waedenswil\/blog\/allgemein\/happybirthdayfreizeitanlage#primaryimage\"},\"thumbnailUrl\":\"https:\/\/web.gruene-zh.ch\/waedenswil\/wp-content\/uploads\/sites\/9\/2025\/09\/happybirthdayFreizeitanlage.png\",\"inLanguage\":\"de\"},{\"@type\":\"WebPage\",\"@id\":\"https:\/\/web.gruene-zh.ch\/waedenswil\/blog\/allgemein\/happybirthdayfreizeitanlage\",\"url\":\"https:\/\/web.gruene-zh.ch\/waedenswil\/blog\/allgemein\/happybirthdayfreizeitanlage\",\"name\":\"Happy Birthday Freizeitanlage! - GR\u00dcNE W\u00e4denswil\",\"isPartOf\":{\"@id\":\"https:\/\/web.gruene-zh.ch\/waedenswil\/#website\"},\"primaryImageOfPage\":{\"@id\":\"https:\/\/web.gruene-zh.ch\/waedenswil\/blog\/allgemein\/happybirthdayfreizeitanlage#primaryimage\"},\"image\":{\"@id\":\"https:\/\/web.gruene-zh.ch\/waedenswil\/blog\/allgemein\/happybirthdayfreizeitanlage#primaryimage\"},\"thumbnailUrl\":\"https:\/\/web.gruene-zh.ch\/waedenswil\/wp-content\/uploads\/sites\/9\/2025\/09\/happybirthdayFreizeitanlage.png\",\"datePublished\":\"2025-09-20T19:17:06+00:00\",\"dateModified\":\"2025-09-22T08:41:09+00:00\",\"author\":{\"@id\":\"https:\/\/web.gruene-zh.ch\/waedenswil\/#\/schema\/person\/d628cc34470f3201ac84531ace92350b\"},\"description\":\"50 Jahre Jubil\u00e4um. Die Gr\u00fcne Partei freut sich wie en Sunnestrahl. So ein Geschenk, dass wir die Freizeitanlage immer noch in W\u00e4denswil haben. Das ist nicht selbstverst\u00e4ndlich. 2021 drohte die Schliessung. Der F\u00f6rderverein Freizeitanlage und die Gr\u00fcne Partei W\u00e4denswil wehrten sich erfolgreich! Und so werken weiterhin viele Kinderh\u00e4nde, die Holzw\u00fcrm und viele andere weiter. Gegr\u00fcndet wurde die Freizeitanlage \u00fcbrigens 1972, ebenfalls \u00fcber eine Volksinitiative. Damals ziemlich vision\u00e4r und rundherum bewundert. Bis heute.\",\"breadcrumb\":{\"@id\":\"https:\/\/web.gruene-zh.ch\/waedenswil\/blog\/allgemein\/happybirthdayfreizeitanlage#breadcrumb\"},\"inLanguage\":\"de\",\"potentialAction\":[{\"@type\":\"ReadAction\",\"target\":[\"https:\/\/web.gruene-zh.ch\/waedenswil\/blog\/allgemein\/happybirthdayfreizeitanlage\"]}]},{\"@type\":\"ImageObject\",\"inLanguage\":\"de\",\"@id\":\"https:\/\/web.gruene-zh.ch\/waedenswil\/blog\/allgemein\/happybirthdayfreizeitanlage#primaryimage\",\"url\":\"https:\/\/web.gruene-zh.ch\/waedenswil\/wp-content\/uploads\/sites\/9\/2025\/09\/happybirthdayFreizeitanlage.png\",\"contentUrl\":\"https:\/\/web.gruene-zh.ch\/waedenswil\/wp-content\/uploads\/sites\/9\/2025\/09\/happybirthdayFreizeitanlage.png\",\"width\":790,\"height\":637},{\"@type\":\"BreadcrumbList\",\"@id\":\"https:\/\/web.gruene-zh.ch\/waedenswil\/blog\/allgemein\/happybirthdayfreizeitanlage#breadcrumb\",\"itemListElement\":[{\"@type\":\"ListItem\",\"position\":1,\"name\":\"Startseite\",\"item\":\"https:\/\/web.gruene-zh.ch\/waedenswil\/\"},{\"@type\":\"ListItem\",\"position\":2,\"name\":\"Allgemein\",\"item\":\"https:\/\/web.gruene-zh.ch\/waedenswil\/blog\/category\/allgemein\"},{\"@type\":\"ListItem\",\"position\":3,\"name\":\"Happy Birthday Freizeitanlage!\"}]},{\"@type\":\"WebSite\",\"@id\":\"https:\/\/web.gruene-zh.ch\/waedenswil\/#website\",\"url\":\"https:\/\/web.gruene-zh.ch\/waedenswil\/\",\"name\":\"GR\u00dcNE W\u00e4denswil\",\"description\":\"F\u00fcr Lebensqualit\u00e4t in W\u00e4denswil\",\"potentialAction\":[{\"@type\":\"SearchAction\",\"target\":{\"@type\":\"EntryPoint\",\"urlTemplate\":\"https:\/\/web.gruene-zh.ch\/waedenswil\/?s={search_term_string}\"},\"query-input\":{\"@type\":\"PropertyValueSpecification\",\"valueRequired\":true,\"valueName\":\"search_term_string\"}}],\"inLanguage\":\"de\"},{\"@type\":\"Person\",\"@id\":\"https:\/\/web.gruene-zh.ch\/waedenswil\/#\/schema\/person\/d628cc34470f3201ac84531ace92350b\",\"name\":\"mayaalbrecht\",\"image\":{\"@type\":\"ImageObject\",\"inLanguage\":\"de\",\"@id\":\"https:\/\/web.gruene-zh.ch\/waedenswil\/#\/schema\/person\/image\/\",\"url\":\"https:\/\/secure.gravatar.com\/avatar\/ed78d0f969dbb71c26ff6b0820b82324d732888b5fb5ba9139f01c5f3ba35dc6?s=96&d=mm&r=g\",\"contentUrl\":\"https:\/\/secure.gravatar.com\/avatar\/ed78d0f969dbb71c26ff6b0820b82324d732888b5fb5ba9139f01c5f3ba35dc6?s=96&d=mm&r=g\",\"caption\":\"mayaalbrecht\"}}]}<\/script>\n<!-- \/ Yoast SEO plugin. -->","yoast_head_json":{"title":"Happy Birthday Freizeitanlage! - GR\u00dcNE W\u00e4denswil","description":"50 Jahre Jubil\u00e4um. Die Gr\u00fcne Partei freut sich wie en Sunnestrahl. So ein Geschenk, dass wir die Freizeitanlage immer noch in W\u00e4denswil haben. Das ist nicht selbstverst\u00e4ndlich. 2021 drohte die Schliessung. Der F\u00f6rderverein Freizeitanlage und die Gr\u00fcne Partei W\u00e4denswil wehrten sich erfolgreich! Und so werken weiterhin viele Kinderh\u00e4nde, die Holzw\u00fcrm und viele andere weiter. Gegr\u00fcndet wurde die Freizeitanlage \u00fcbrigens 1972, ebenfalls \u00fcber eine Volksinitiative. Damals ziemlich vision\u00e4r und rundherum bewundert. Bis heute.","robots":{"index":"index","follow":"follow","max-snippet":"max-snippet:-1","max-image-preview":"max-image-preview:large","max-video-preview":"max-video-preview:-1"},"canonical":"https:\/\/web.gruene-zh.ch\/waedenswil\/blog\/allgemein\/happybirthdayfreizeitanlage","og_locale":"de_DE","og_type":"article","og_title":"Happy Birthday Freizeitanlage! - GR\u00dcNE W\u00e4denswil","og_description":"50 Jahre Jubil\u00e4um. Die Gr\u00fcne Partei freut sich wie en Sunnestrahl. So ein Geschenk, dass wir die Freizeitanlage immer noch in W\u00e4denswil \u2026","og_url":"https:\/\/web.gruene-zh.ch\/waedenswil\/blog\/allgemein\/happybirthdayfreizeitanlage","og_site_name":"GR\u00dcNE W\u00e4denswil","article_published_time":"2025-09-20T19:17:06+00:00","article_modified_time":"2025-09-22T08:41:09+00:00","og_image":[{"url":"https:\/\/web.gruene-zh.ch\/waedenswil\/wp-content\/uploads\/sites\/9\/2025\/09\/happybirthdayFreizeitanlage.png","width":781,"height":630,"type":"image\/png"}],"author":"mayaalbrecht","twitter_card":"summary_large_image","twitter_misc":{"Verfasst von":"mayaalbrecht","Gesch\u00e4tzte Lesezeit":"3\u00a0Minuten"},"schema":{"@context":"https:\/\/schema.org","@graph":[{"@type":"Article","@id":"https:\/\/web.gruene-zh.ch\/waedenswil\/blog\/allgemein\/happybirthdayfreizeitanlage#article","isPartOf":{"@id":"https:\/\/web.gruene-zh.ch\/waedenswil\/blog\/allgemein\/happybirthdayfreizeitanlage"},"author":{"name":"mayaalbrecht","@id":"https:\/\/web.gruene-zh.ch\/waedenswil\/#\/schema\/person\/d628cc34470f3201ac84531ace92350b"},"headline":"Happy Birthday Freizeitanlage!","datePublished":"2025-09-20T19:17:06+00:00","dateModified":"2025-09-22T08:41:09+00:00","mainEntityOfPage":{"@id":"https:\/\/web.gruene-zh.ch\/waedenswil\/blog\/allgemein\/happybirthdayfreizeitanlage"},"wordCount":3,"image":{"@id":"https:\/\/web.gruene-zh.ch\/waedenswil\/blog\/allgemein\/happybirthdayfreizeitanlage#primaryimage"},"thumbnailUrl":"https:\/\/web.gruene-zh.ch\/waedenswil\/wp-content\/uploads\/sites\/9\/2025\/09\/happybirthdayFreizeitanlage.png","inLanguage":"de"},{"@type":"WebPage","@id":"https:\/\/web.gruene-zh.ch\/waedenswil\/blog\/allgemein\/happybirthdayfreizeitanlage","url":"https:\/\/web.gruene-zh.ch\/waedenswil\/blog\/allgemein\/happybirthdayfreizeitanlage","name":"Happy Birthday Freizeitanlage! - GR\u00dcNE W\u00e4denswil","isPartOf":{"@id":"https:\/\/web.gruene-zh.ch\/waedenswil\/#website"},"primaryImageOfPage":{"@id":"https:\/\/web.gruene-zh.ch\/waedenswil\/blog\/allgemein\/happybirthdayfreizeitanlage#primaryimage"},"image":{"@id":"https:\/\/web.gruene-zh.ch\/waedenswil\/blog\/allgemein\/happybirthdayfreizeitanlage#primaryimage"},"thumbnailUrl":"https:\/\/web.gruene-zh.ch\/waedenswil\/wp-content\/uploads\/sites\/9\/2025\/09\/happybirthdayFreizeitanlage.png","datePublished":"2025-09-20T19:17:06+00:00","dateModified":"2025-09-22T08:41:09+00:00","author":{"@id":"https:\/\/web.gruene-zh.ch\/waedenswil\/#\/schema\/person\/d628cc34470f3201ac84531ace92350b"},"description":"50 Jahre Jubil\u00e4um. Die Gr\u00fcne Partei freut sich wie en Sunnestrahl. So ein Geschenk, dass wir die Freizeitanlage immer noch in W\u00e4denswil haben. Das ist nicht selbstverst\u00e4ndlich. 2021 drohte die Schliessung. Der F\u00f6rderverein Freizeitanlage und die Gr\u00fcne Partei W\u00e4denswil wehrten sich erfolgreich! Und so werken weiterhin viele Kinderh\u00e4nde, die Holzw\u00fcrm und viele andere weiter. Gegr\u00fcndet wurde die Freizeitanlage \u00fcbrigens 1972, ebenfalls \u00fcber eine Volksinitiative. Damals ziemlich vision\u00e4r und rundherum bewundert. Bis heute.","breadcrumb":{"@id":"https:\/\/web.gruene-zh.ch\/waedenswil\/blog\/allgemein\/happybirthdayfreizeitanlage#breadcrumb"},"inLanguage":"de","potentialAction":[{"@type":"ReadAction","target":["https:\/\/web.gruene-zh.ch\/waedenswil\/blog\/allgemein\/happybirthdayfreizeitanlage"]}]},{"@type":"ImageObject","inLanguage":"de","@id":"https:\/\/web.gruene-zh.ch\/waedenswil\/blog\/allgemein\/happybirthdayfreizeitanlage#primaryimage","url":"https:\/\/web.gruene-zh.ch\/waedenswil\/wp-content\/uploads\/sites\/9\/2025\/09\/happybirthdayFreizeitanlage.png","contentUrl":"https:\/\/web.gruene-zh.ch\/waedenswil\/wp-content\/uploads\/sites\/9\/2025\/09\/happybirthdayFreizeitanlage.png","width":790,"height":637},{"@type":"BreadcrumbList","@id":"https:\/\/web.gruene-zh.ch\/waedenswil\/blog\/allgemein\/happybirthdayfreizeitanlage#breadcrumb","itemListElement":[{"@type":"ListItem","position":1,"name":"Startseite","item":"https:\/\/web.gruene-zh.ch\/waedenswil\/"},{"@type":"ListItem","position":2,"name":"Allgemein","item":"https:\/\/web.gruene-zh.ch\/waedenswil\/blog\/category\/allgemein"},{"@type":"ListItem","position":3,"name":"Happy Birthday Freizeitanlage!"}]},{"@type":"WebSite","@id":"https:\/\/web.gruene-zh.ch\/waedenswil\/#website","url":"https:\/\/web.gruene-zh.ch\/waedenswil\/","name":"GR\u00dcNE W\u00e4denswil","description":"F\u00fcr Lebensqualit\u00e4t in W\u00e4denswil","potentialAction":[{"@type":"SearchAction","target":{"@type":"EntryPoint","urlTemplate":"https:\/\/web.gruene-zh.ch\/waedenswil\/?s={search_term_string}"},"query-input":{"@type":"PropertyValueSpecification","valueRequired":true,"valueName":"search_term_string"}}],"inLanguage":"de"},{"@type":"Person","@id":"https:\/\/web.gruene-zh.ch\/waedenswil\/#\/schema\/person\/d628cc34470f3201ac84531ace92350b","name":"mayaalbrecht","image":{"@type":"ImageObject","inLanguage":"de","@id":"https:\/\/web.gruene-zh.ch\/waedenswil\/#\/schema\/person\/image\/","url":"https:\/\/secure.gravatar.com\/avatar\/ed78d0f969dbb71c26ff6b0820b82324d732888b5fb5ba9139f01c5f3ba35dc6?s=96&d=mm&r=g","contentUrl":"https:\/\/secure.gravatar.com\/avatar\/ed78d0f969dbb71c26ff6b0820b82324d732888b5fb5ba9139f01c5f3ba35dc6?s=96&d=mm&r=g","caption":"mayaalbrecht"}}]}},"_links":{"self":[{"href":"https:\/\/web.gruene-zh.ch\/waedenswil\/wp-json\/wp\/v2\/posts\/2010","targetHints":{"allow":["GET"]}}],"collection":[{"href":"https:\/\/web.gruene-zh.ch\/waedenswil\/wp-json\/wp\/v2\/posts"}],"about":[{"href":"https:\/\/web.gruene-zh.ch\/waedenswil\/wp-json\/wp\/v2\/types\/post"}],"author":[{"embeddable":true,"href":"https:\/\/web.gruene-zh.ch\/waedenswil\/wp-json\/wp\/v2\/users\/33"}],"replies":[{"embeddable":true,"href":"https:\/\/web.gruene-zh.ch\/waedenswil\/wp-json\/wp\/v2\/comments?post=2010"}],"version-history":[{"count":11,"href":"https:\/\/web.gruene-zh.ch\/waedenswil\/wp-json\/wp\/v2\/posts\/2010\/revisions"}],"predecessor-version":[{"id":2035,"href":"https:\/\/web.gruene-zh.ch\/waedenswil\/wp-json\/wp\/v2\/posts\/2010\/revisions\/2035"}],"wp:featuredmedia":[{"embeddable":true,"href":"https:\/\/web.gruene-zh.ch\/waedenswil\/wp-json\/wp\/v2\/media\/2011"}],"wp:attachment":[{"href":"https:\/\/web.gruene-zh.ch\/waedenswil\/wp-json\/wp\/v2\/media?parent=2010"}],"wp:term":[{"taxonomy":"category","embeddable":true,"href":"https:\/\/web.gruene-zh.ch\/waedenswil\/wp-json\/wp\/v2\/categories?post=2010"},{"taxonomy":"post_tag","embeddable":true,"href":"https:\/\/web.gruene-zh.ch\/waedenswil\/wp-json\/wp\/v2\/tags?post=2010"}],"curies":[{"name":"wp","href":"https:\/\/api.w.org\/{rel}","templated":true}]}}