{"id":1615,"date":"2025-01-23T11:07:30","date_gmt":"2025-01-23T10:07:30","guid":{"rendered":"https:\/\/web.gruene-zh.ch\/waedenswil\/blog\/allgemein\/alterszentrumfrohmatt-copy-copy"},"modified":"2025-01-23T11:08:19","modified_gmt":"2025-01-23T10:08:19","slug":"alterszentrumfrohmatt-copy-copy","status":"publish","type":"post","link":"https:\/\/web.gruene-zh.ch\/waedenswil\/blog\/allgemein\/alterszentrumfrohmatt-copy-copy","title":{"rendered":"Energieverbund W\u00e4denswil, Ausgliederung in eine eigenst\u00e4ndige Aktiengesellschaft"},"content":{"rendered":"","protected":false},"excerpt":{"rendered":"","protected":false},"author":33,"featured_media":0,"comment_status":"closed","ping_status":"closed","sticky":false,"template":"","format":"standard","meta":{"_acf_changed":false,"inline_featured_image":false,"footnotes":""},"categories":[1],"tags":[],"class_list":["post-1615","post","type-post","status-publish","format-standard","hentry","category-allgemein"],"acf":[],"yoast_head":"<!-- This site is optimized with the Yoast SEO plugin v26.9 - https:\/\/yoast.com\/product\/yoast-seo-wordpress\/ -->\n<title>Energieverbund W\u00e4denswil, Ausgliederung in eine eigenst\u00e4ndige Aktiengesellschaft - GR\u00dcNE W\u00e4denswil<\/title>\n<meta name=\"description\" content=\"Die Stadt W\u00e4denswil und Energie 360\u00b0 wollen f\u00fcr W\u00e4denswil und Au eine Energiel\u00f6sung mit Zukunft schaffen. Daf\u00fcr soll eine eigenst\u00e4ndige Aktiengesellschaft gegr\u00fcndet werden, die den Energieverbund W\u00e4denswil realisiert und betreibt. Das Investitionsvolumen betr\u00e4gt rund 79 Mio. Fr.\" \/>\n<meta name=\"robots\" content=\"index, follow, max-snippet:-1, max-image-preview:large, max-video-preview:-1\" \/>\n<link rel=\"canonical\" href=\"https:\/\/web.gruene-zh.ch\/waedenswil\/blog\/allgemein\/alterszentrumfrohmatt-copy-copy\" \/>\n<meta property=\"og:locale\" content=\"de_DE\" \/>\n<meta property=\"og:type\" content=\"article\" \/>\n<meta property=\"og:title\" content=\"Energieverbund W\u00e4denswil, Ausgliederung in eine eigenst\u00e4ndige Aktiengesellschaft - GR\u00dcNE W\u00e4denswil\" \/>\n<meta property=\"og:description\" content=\"Die Stadt W\u00e4denswil und Energie 360\u00b0 wollen f\u00fcr W\u00e4denswil und Au eine Energiel\u00f6sung mit Zukunft schaffen. Daf\u00fcr soll eine \u2026\" \/>\n<meta property=\"og:url\" content=\"https:\/\/web.gruene-zh.ch\/waedenswil\/blog\/allgemein\/alterszentrumfrohmatt-copy-copy\" \/>\n<meta property=\"og:site_name\" content=\"GR\u00dcNE W\u00e4denswil\" \/>\n<meta property=\"article:published_time\" content=\"2025-01-23T10:07:30+00:00\" \/>\n<meta property=\"article:modified_time\" content=\"2025-01-23T10:08:19+00:00\" \/>\n<meta name=\"author\" content=\"mayaalbrecht\" \/>\n<meta name=\"twitter:card\" content=\"summary_large_image\" \/>\n<meta name=\"twitter:label1\" content=\"Verfasst von\" \/>\n\t<meta name=\"twitter:data1\" content=\"mayaalbrecht\" \/>\n\t<meta name=\"twitter:label2\" content=\"Gesch\u00e4tzte Lesezeit\" \/>\n\t<meta name=\"twitter:data2\" content=\"3\u00a0Minuten\" \/>\n<script type=\"application\/ld+json\" class=\"yoast-schema-graph\">{\"@context\":\"https:\/\/schema.org\",\"@graph\":[{\"@type\":\"Article\",\"@id\":\"https:\/\/web.gruene-zh.ch\/waedenswil\/blog\/allgemein\/alterszentrumfrohmatt-copy-copy#article\",\"isPartOf\":{\"@id\":\"https:\/\/web.gruene-zh.ch\/waedenswil\/blog\/allgemein\/alterszentrumfrohmatt-copy-copy\"},\"author\":{\"name\":\"mayaalbrecht\",\"@id\":\"https:\/\/web.gruene-zh.ch\/waedenswil\/#\/schema\/person\/d628cc34470f3201ac84531ace92350b\"},\"headline\":\"Energieverbund W\u00e4denswil, Ausgliederung in eine eigenst\u00e4ndige Aktiengesellschaft\",\"datePublished\":\"2025-01-23T10:07:30+00:00\",\"dateModified\":\"2025-01-23T10:08:19+00:00\",\"mainEntityOfPage\":{\"@id\":\"https:\/\/web.gruene-zh.ch\/waedenswil\/blog\/allgemein\/alterszentrumfrohmatt-copy-copy\"},\"wordCount\":9,\"inLanguage\":\"de\"},{\"@type\":\"WebPage\",\"@id\":\"https:\/\/web.gruene-zh.ch\/waedenswil\/blog\/allgemein\/alterszentrumfrohmatt-copy-copy\",\"url\":\"https:\/\/web.gruene-zh.ch\/waedenswil\/blog\/allgemein\/alterszentrumfrohmatt-copy-copy\",\"name\":\"Energieverbund W\u00e4denswil, Ausgliederung in eine eigenst\u00e4ndige Aktiengesellschaft - GR\u00dcNE W\u00e4denswil\",\"isPartOf\":{\"@id\":\"https:\/\/web.gruene-zh.ch\/waedenswil\/#website\"},\"datePublished\":\"2025-01-23T10:07:30+00:00\",\"dateModified\":\"2025-01-23T10:08:19+00:00\",\"author\":{\"@id\":\"https:\/\/web.gruene-zh.ch\/waedenswil\/#\/schema\/person\/d628cc34470f3201ac84531ace92350b\"},\"description\":\"Die Stadt W\u00e4denswil und Energie 360\u00b0 wollen f\u00fcr W\u00e4denswil und Au eine Energiel\u00f6sung mit Zukunft schaffen. Daf\u00fcr soll eine eigenst\u00e4ndige Aktiengesellschaft gegr\u00fcndet werden, die den Energieverbund W\u00e4denswil realisiert und betreibt. Das Investitionsvolumen betr\u00e4gt rund 79 Mio. Fr.\",\"breadcrumb\":{\"@id\":\"https:\/\/web.gruene-zh.ch\/waedenswil\/blog\/allgemein\/alterszentrumfrohmatt-copy-copy#breadcrumb\"},\"inLanguage\":\"de\",\"potentialAction\":[{\"@type\":\"ReadAction\",\"target\":[\"https:\/\/web.gruene-zh.ch\/waedenswil\/blog\/allgemein\/alterszentrumfrohmatt-copy-copy\"]}]},{\"@type\":\"BreadcrumbList\",\"@id\":\"https:\/\/web.gruene-zh.ch\/waedenswil\/blog\/allgemein\/alterszentrumfrohmatt-copy-copy#breadcrumb\",\"itemListElement\":[{\"@type\":\"ListItem\",\"position\":1,\"name\":\"Startseite\",\"item\":\"https:\/\/web.gruene-zh.ch\/waedenswil\/\"},{\"@type\":\"ListItem\",\"position\":2,\"name\":\"Allgemein\",\"item\":\"https:\/\/web.gruene-zh.ch\/waedenswil\/blog\/category\/allgemein\"},{\"@type\":\"ListItem\",\"position\":3,\"name\":\"Energieverbund W\u00e4denswil, Ausgliederung in eine eigenst\u00e4ndige Aktiengesellschaft\"}]},{\"@type\":\"WebSite\",\"@id\":\"https:\/\/web.gruene-zh.ch\/waedenswil\/#website\",\"url\":\"https:\/\/web.gruene-zh.ch\/waedenswil\/\",\"name\":\"GR\u00dcNE W\u00e4denswil\",\"description\":\"F\u00fcr Lebensqualit\u00e4t in W\u00e4denswil\",\"potentialAction\":[{\"@type\":\"SearchAction\",\"target\":{\"@type\":\"EntryPoint\",\"urlTemplate\":\"https:\/\/web.gruene-zh.ch\/waedenswil\/?s={search_term_string}\"},\"query-input\":{\"@type\":\"PropertyValueSpecification\",\"valueRequired\":true,\"valueName\":\"search_term_string\"}}],\"inLanguage\":\"de\"},{\"@type\":\"Person\",\"@id\":\"https:\/\/web.gruene-zh.ch\/waedenswil\/#\/schema\/person\/d628cc34470f3201ac84531ace92350b\",\"name\":\"mayaalbrecht\",\"image\":{\"@type\":\"ImageObject\",\"inLanguage\":\"de\",\"@id\":\"https:\/\/web.gruene-zh.ch\/waedenswil\/#\/schema\/person\/image\/\",\"url\":\"https:\/\/secure.gravatar.com\/avatar\/ed78d0f969dbb71c26ff6b0820b82324d732888b5fb5ba9139f01c5f3ba35dc6?s=96&d=mm&r=g\",\"contentUrl\":\"https:\/\/secure.gravatar.com\/avatar\/ed78d0f969dbb71c26ff6b0820b82324d732888b5fb5ba9139f01c5f3ba35dc6?s=96&d=mm&r=g\",\"caption\":\"mayaalbrecht\"}}]}<\/script>\n<!-- \/ Yoast SEO plugin. -->","yoast_head_json":{"title":"Energieverbund W\u00e4denswil, Ausgliederung in eine eigenst\u00e4ndige Aktiengesellschaft - GR\u00dcNE W\u00e4denswil","description":"Die Stadt W\u00e4denswil und Energie 360\u00b0 wollen f\u00fcr W\u00e4denswil und Au eine Energiel\u00f6sung mit Zukunft schaffen. Daf\u00fcr soll eine eigenst\u00e4ndige Aktiengesellschaft gegr\u00fcndet werden, die den Energieverbund W\u00e4denswil realisiert und betreibt. Das Investitionsvolumen betr\u00e4gt rund 79 Mio. Fr.","robots":{"index":"index","follow":"follow","max-snippet":"max-snippet:-1","max-image-preview":"max-image-preview:large","max-video-preview":"max-video-preview:-1"},"canonical":"https:\/\/web.gruene-zh.ch\/waedenswil\/blog\/allgemein\/alterszentrumfrohmatt-copy-copy","og_locale":"de_DE","og_type":"article","og_title":"Energieverbund W\u00e4denswil, Ausgliederung in eine eigenst\u00e4ndige Aktiengesellschaft - GR\u00dcNE W\u00e4denswil","og_description":"Die Stadt W\u00e4denswil und Energie 360\u00b0 wollen f\u00fcr W\u00e4denswil und Au eine Energiel\u00f6sung mit Zukunft schaffen. Daf\u00fcr soll eine \u2026","og_url":"https:\/\/web.gruene-zh.ch\/waedenswil\/blog\/allgemein\/alterszentrumfrohmatt-copy-copy","og_site_name":"GR\u00dcNE W\u00e4denswil","article_published_time":"2025-01-23T10:07:30+00:00","article_modified_time":"2025-01-23T10:08:19+00:00","author":"mayaalbrecht","twitter_card":"summary_large_image","twitter_misc":{"Verfasst von":"mayaalbrecht","Gesch\u00e4tzte Lesezeit":"3\u00a0Minuten"},"schema":{"@context":"https:\/\/schema.org","@graph":[{"@type":"Article","@id":"https:\/\/web.gruene-zh.ch\/waedenswil\/blog\/allgemein\/alterszentrumfrohmatt-copy-copy#article","isPartOf":{"@id":"https:\/\/web.gruene-zh.ch\/waedenswil\/blog\/allgemein\/alterszentrumfrohmatt-copy-copy"},"author":{"name":"mayaalbrecht","@id":"https:\/\/web.gruene-zh.ch\/waedenswil\/#\/schema\/person\/d628cc34470f3201ac84531ace92350b"},"headline":"Energieverbund W\u00e4denswil, Ausgliederung in eine eigenst\u00e4ndige Aktiengesellschaft","datePublished":"2025-01-23T10:07:30+00:00","dateModified":"2025-01-23T10:08:19+00:00","mainEntityOfPage":{"@id":"https:\/\/web.gruene-zh.ch\/waedenswil\/blog\/allgemein\/alterszentrumfrohmatt-copy-copy"},"wordCount":9,"inLanguage":"de"},{"@type":"WebPage","@id":"https:\/\/web.gruene-zh.ch\/waedenswil\/blog\/allgemein\/alterszentrumfrohmatt-copy-copy","url":"https:\/\/web.gruene-zh.ch\/waedenswil\/blog\/allgemein\/alterszentrumfrohmatt-copy-copy","name":"Energieverbund W\u00e4denswil, Ausgliederung in eine eigenst\u00e4ndige Aktiengesellschaft - GR\u00dcNE W\u00e4denswil","isPartOf":{"@id":"https:\/\/web.gruene-zh.ch\/waedenswil\/#website"},"datePublished":"2025-01-23T10:07:30+00:00","dateModified":"2025-01-23T10:08:19+00:00","author":{"@id":"https:\/\/web.gruene-zh.ch\/waedenswil\/#\/schema\/person\/d628cc34470f3201ac84531ace92350b"},"description":"Die Stadt W\u00e4denswil und Energie 360\u00b0 wollen f\u00fcr W\u00e4denswil und Au eine Energiel\u00f6sung mit Zukunft schaffen. Daf\u00fcr soll eine eigenst\u00e4ndige Aktiengesellschaft gegr\u00fcndet werden, die den Energieverbund W\u00e4denswil realisiert und betreibt. Das Investitionsvolumen betr\u00e4gt rund 79 Mio. Fr.","breadcrumb":{"@id":"https:\/\/web.gruene-zh.ch\/waedenswil\/blog\/allgemein\/alterszentrumfrohmatt-copy-copy#breadcrumb"},"inLanguage":"de","potentialAction":[{"@type":"ReadAction","target":["https:\/\/web.gruene-zh.ch\/waedenswil\/blog\/allgemein\/alterszentrumfrohmatt-copy-copy"]}]},{"@type":"BreadcrumbList","@id":"https:\/\/web.gruene-zh.ch\/waedenswil\/blog\/allgemein\/alterszentrumfrohmatt-copy-copy#breadcrumb","itemListElement":[{"@type":"ListItem","position":1,"name":"Startseite","item":"https:\/\/web.gruene-zh.ch\/waedenswil\/"},{"@type":"ListItem","position":2,"name":"Allgemein","item":"https:\/\/web.gruene-zh.ch\/waedenswil\/blog\/category\/allgemein"},{"@type":"ListItem","position":3,"name":"Energieverbund W\u00e4denswil, Ausgliederung in eine eigenst\u00e4ndige Aktiengesellschaft"}]},{"@type":"WebSite","@id":"https:\/\/web.gruene-zh.ch\/waedenswil\/#website","url":"https:\/\/web.gruene-zh.ch\/waedenswil\/","name":"GR\u00dcNE W\u00e4denswil","description":"F\u00fcr Lebensqualit\u00e4t in W\u00e4denswil","potentialAction":[{"@type":"SearchAction","target":{"@type":"EntryPoint","urlTemplate":"https:\/\/web.gruene-zh.ch\/waedenswil\/?s={search_term_string}"},"query-input":{"@type":"PropertyValueSpecification","valueRequired":true,"valueName":"search_term_string"}}],"inLanguage":"de"},{"@type":"Person","@id":"https:\/\/web.gruene-zh.ch\/waedenswil\/#\/schema\/person\/d628cc34470f3201ac84531ace92350b","name":"mayaalbrecht","image":{"@type":"ImageObject","inLanguage":"de","@id":"https:\/\/web.gruene-zh.ch\/waedenswil\/#\/schema\/person\/image\/","url":"https:\/\/secure.gravatar.com\/avatar\/ed78d0f969dbb71c26ff6b0820b82324d732888b5fb5ba9139f01c5f3ba35dc6?s=96&d=mm&r=g","contentUrl":"https:\/\/secure.gravatar.com\/avatar\/ed78d0f969dbb71c26ff6b0820b82324d732888b5fb5ba9139f01c5f3ba35dc6?s=96&d=mm&r=g","caption":"mayaalbrecht"}}]}},"_links":{"self":[{"href":"https:\/\/web.gruene-zh.ch\/waedenswil\/wp-json\/wp\/v2\/posts\/1615","targetHints":{"allow":["GET"]}}],"collection":[{"href":"https:\/\/web.gruene-zh.ch\/waedenswil\/wp-json\/wp\/v2\/posts"}],"about":[{"href":"https:\/\/web.gruene-zh.ch\/waedenswil\/wp-json\/wp\/v2\/types\/post"}],"author":[{"embeddable":true,"href":"https:\/\/web.gruene-zh.ch\/waedenswil\/wp-json\/wp\/v2\/users\/33"}],"replies":[{"embeddable":true,"href":"https:\/\/web.gruene-zh.ch\/waedenswil\/wp-json\/wp\/v2\/comments?post=1615"}],"version-history":[{"count":1,"href":"https:\/\/web.gruene-zh.ch\/waedenswil\/wp-json\/wp\/v2\/posts\/1615\/revisions"}],"predecessor-version":[{"id":1616,"href":"https:\/\/web.gruene-zh.ch\/waedenswil\/wp-json\/wp\/v2\/posts\/1615\/revisions\/1616"}],"wp:attachment":[{"href":"https:\/\/web.gruene-zh.ch\/waedenswil\/wp-json\/wp\/v2\/media?parent=1615"}],"wp:term":[{"taxonomy":"category","embeddable":true,"href":"https:\/\/web.gruene-zh.ch\/waedenswil\/wp-json\/wp\/v2\/categories?post=1615"},{"taxonomy":"post_tag","embeddable":true,"href":"https:\/\/web.gruene-zh.ch\/waedenswil\/wp-json\/wp\/v2\/tags?post=1615"}],"curies":[{"name":"wp","href":"https:\/\/api.w.org\/{rel}","templated":true}]}}