{"id":1586,"date":"2025-01-20T20:39:49","date_gmt":"2025-01-20T19:39:49","guid":{"rendered":"https:\/\/web.gruene-zh.ch\/waedenswil\/blog\/allgemein\/alterszentrumfrohmatt-copy"},"modified":"2025-01-21T22:31:28","modified_gmt":"2025-01-21T21:31:28","slug":"alterszentrumfrohmatt-copy","status":"publish","type":"post","link":"https:\/\/web.gruene-zh.ch\/waedenswil\/blog\/allgemein\/alterszentrumfrohmatt-copy","title":{"rendered":"Ausgliederung des Alterszentrums Frohmatt in eine eigenst\u00e4ndige Aktiengesellschaft mit gemeinn\u00fctzigem Zweck im Eigentum der Stadt W\u00e4denswil"},"content":{"rendered":"","protected":false},"excerpt":{"rendered":"","protected":false},"author":33,"featured_media":1578,"comment_status":"closed","ping_status":"closed","sticky":false,"template":"","format":"standard","meta":{"_acf_changed":false,"inline_featured_image":false,"footnotes":""},"categories":[1],"tags":[],"class_list":["post-1586","post","type-post","status-publish","format-standard","has-post-thumbnail","hentry","category-allgemein"],"acf":[],"yoast_head":"<!-- This site is optimized with the Yoast SEO plugin v26.9 - https:\/\/yoast.com\/product\/yoast-seo-wordpress\/ -->\n<title>Ausgliederung des Alterszentrums Frohmatt in eine eigenst\u00e4ndige Aktiengesellschaft mit gemeinn\u00fctzigem Zweck im Eigentum der Stadt W\u00e4denswil - GR\u00dcNE W\u00e4denswil<\/title>\n<meta name=\"description\" content=\"Das Alterszentrum Frohmatt soll aus der Verwaltung herausgel\u00f6st und in eine eigenst\u00e4ndige Aktiengesellschaft mit gemeinn\u00fctzigem, also \u00f6ffentlichem Zweck \u00fcberf\u00fchrt werden. Die Stadt bleibt alleinige Eigent\u00fcmerin. Sie beh\u00e4lt die Kontrolle als oberste Instanz.\" \/>\n<meta name=\"robots\" content=\"index, follow, max-snippet:-1, max-image-preview:large, max-video-preview:-1\" \/>\n<link rel=\"canonical\" href=\"https:\/\/web.gruene-zh.ch\/waedenswil\/blog\/allgemein\/alterszentrumfrohmatt-copy\" \/>\n<meta property=\"og:locale\" content=\"de_DE\" \/>\n<meta property=\"og:type\" content=\"article\" \/>\n<meta property=\"og:title\" content=\"Ausgliederung des Alterszentrums Frohmatt in eine eigenst\u00e4ndige Aktiengesellschaft mit gemeinn\u00fctzigem Zweck im Eigentum der Stadt W\u00e4denswil - GR\u00dcNE W\u00e4denswil\" \/>\n<meta property=\"og:description\" content=\"Das Alterszentrum Frohmatt soll aus der Verwaltung herausgel\u00f6st und in eine eigenst\u00e4ndige Aktiengesellschaft mit gemeinn\u00fctzigem, also \u2026\" \/>\n<meta property=\"og:url\" content=\"https:\/\/web.gruene-zh.ch\/waedenswil\/blog\/allgemein\/alterszentrumfrohmatt-copy\" \/>\n<meta property=\"og:site_name\" content=\"GR\u00dcNE W\u00e4denswil\" \/>\n<meta property=\"article:published_time\" content=\"2025-01-20T19:39:49+00:00\" \/>\n<meta property=\"article:modified_time\" content=\"2025-01-21T21:31:28+00:00\" \/>\n<meta property=\"og:image\" content=\"https:\/\/web.gruene-zh.ch\/waedenswil\/wp-content\/uploads\/sites\/9\/2025\/01\/950_012501-JA-Abstimmmung-Frohmatt-1200x630-c-center.jpg\" \/>\n\t<meta property=\"og:image:width\" content=\"1200\" \/>\n\t<meta property=\"og:image:height\" content=\"630\" \/>\n\t<meta property=\"og:image:type\" content=\"image\/png\" \/>\n<meta name=\"author\" content=\"mayaalbrecht\" \/>\n<meta name=\"twitter:card\" content=\"summary_large_image\" \/>\n<meta name=\"twitter:label1\" content=\"Verfasst von\" \/>\n\t<meta name=\"twitter:data1\" content=\"mayaalbrecht\" \/>\n\t<meta name=\"twitter:label2\" content=\"Gesch\u00e4tzte Lesezeit\" \/>\n\t<meta name=\"twitter:data2\" content=\"3\u00a0Minuten\" \/>\n<script type=\"application\/ld+json\" class=\"yoast-schema-graph\">{\"@context\":\"https:\/\/schema.org\",\"@graph\":[{\"@type\":\"Article\",\"@id\":\"https:\/\/web.gruene-zh.ch\/waedenswil\/blog\/allgemein\/alterszentrumfrohmatt-copy#article\",\"isPartOf\":{\"@id\":\"https:\/\/web.gruene-zh.ch\/waedenswil\/blog\/allgemein\/alterszentrumfrohmatt-copy\"},\"author\":{\"name\":\"mayaalbrecht\",\"@id\":\"https:\/\/web.gruene-zh.ch\/waedenswil\/#\/schema\/person\/d628cc34470f3201ac84531ace92350b\"},\"headline\":\"Ausgliederung des Alterszentrums Frohmatt in eine eigenst\u00e4ndige Aktiengesellschaft mit gemeinn\u00fctzigem Zweck im Eigentum der Stadt W\u00e4denswil\",\"datePublished\":\"2025-01-20T19:39:49+00:00\",\"dateModified\":\"2025-01-21T21:31:28+00:00\",\"mainEntityOfPage\":{\"@id\":\"https:\/\/web.gruene-zh.ch\/waedenswil\/blog\/allgemein\/alterszentrumfrohmatt-copy\"},\"wordCount\":19,\"image\":{\"@id\":\"https:\/\/web.gruene-zh.ch\/waedenswil\/blog\/allgemein\/alterszentrumfrohmatt-copy#primaryimage\"},\"thumbnailUrl\":\"https:\/\/web.gruene-zh.ch\/waedenswil\/wp-content\/uploads\/sites\/9\/2025\/01\/950_012501-JA-Abstimmmung-Frohmatt-2560x0-c-default.png\",\"inLanguage\":\"de\"},{\"@type\":\"WebPage\",\"@id\":\"https:\/\/web.gruene-zh.ch\/waedenswil\/blog\/allgemein\/alterszentrumfrohmatt-copy\",\"url\":\"https:\/\/web.gruene-zh.ch\/waedenswil\/blog\/allgemein\/alterszentrumfrohmatt-copy\",\"name\":\"Ausgliederung des Alterszentrums Frohmatt in eine eigenst\u00e4ndige Aktiengesellschaft mit gemeinn\u00fctzigem Zweck im Eigentum der Stadt W\u00e4denswil - GR\u00dcNE W\u00e4denswil\",\"isPartOf\":{\"@id\":\"https:\/\/web.gruene-zh.ch\/waedenswil\/#website\"},\"primaryImageOfPage\":{\"@id\":\"https:\/\/web.gruene-zh.ch\/waedenswil\/blog\/allgemein\/alterszentrumfrohmatt-copy#primaryimage\"},\"image\":{\"@id\":\"https:\/\/web.gruene-zh.ch\/waedenswil\/blog\/allgemein\/alterszentrumfrohmatt-copy#primaryimage\"},\"thumbnailUrl\":\"https:\/\/web.gruene-zh.ch\/waedenswil\/wp-content\/uploads\/sites\/9\/2025\/01\/950_012501-JA-Abstimmmung-Frohmatt-2560x0-c-default.png\",\"datePublished\":\"2025-01-20T19:39:49+00:00\",\"dateModified\":\"2025-01-21T21:31:28+00:00\",\"author\":{\"@id\":\"https:\/\/web.gruene-zh.ch\/waedenswil\/#\/schema\/person\/d628cc34470f3201ac84531ace92350b\"},\"description\":\"Das Alterszentrum Frohmatt soll aus der Verwaltung herausgel\u00f6st und in eine eigenst\u00e4ndige Aktiengesellschaft mit gemeinn\u00fctzigem, also \u00f6ffentlichem Zweck \u00fcberf\u00fchrt werden. Die Stadt bleibt alleinige Eigent\u00fcmerin. Sie beh\u00e4lt die Kontrolle als oberste Instanz.\",\"breadcrumb\":{\"@id\":\"https:\/\/web.gruene-zh.ch\/waedenswil\/blog\/allgemein\/alterszentrumfrohmatt-copy#breadcrumb\"},\"inLanguage\":\"de\",\"potentialAction\":[{\"@type\":\"ReadAction\",\"target\":[\"https:\/\/web.gruene-zh.ch\/waedenswil\/blog\/allgemein\/alterszentrumfrohmatt-copy\"]}]},{\"@type\":\"ImageObject\",\"inLanguage\":\"de\",\"@id\":\"https:\/\/web.gruene-zh.ch\/waedenswil\/blog\/allgemein\/alterszentrumfrohmatt-copy#primaryimage\",\"url\":\"https:\/\/web.gruene-zh.ch\/waedenswil\/wp-content\/uploads\/sites\/9\/2025\/01\/950_012501-JA-Abstimmmung-Frohmatt-2560x0-c-default.png\",\"contentUrl\":\"https:\/\/web.gruene-zh.ch\/waedenswil\/wp-content\/uploads\/sites\/9\/2025\/01\/950_012501-JA-Abstimmmung-Frohmatt-2560x0-c-default.png\",\"width\":1458,\"height\":2000,\"caption\":\"JA zur Frohmatt - fit f\u00fcr die Zukunft\"},{\"@type\":\"BreadcrumbList\",\"@id\":\"https:\/\/web.gruene-zh.ch\/waedenswil\/blog\/allgemein\/alterszentrumfrohmatt-copy#breadcrumb\",\"itemListElement\":[{\"@type\":\"ListItem\",\"position\":1,\"name\":\"Startseite\",\"item\":\"https:\/\/web.gruene-zh.ch\/waedenswil\/\"},{\"@type\":\"ListItem\",\"position\":2,\"name\":\"Allgemein\",\"item\":\"https:\/\/web.gruene-zh.ch\/waedenswil\/blog\/category\/allgemein\"},{\"@type\":\"ListItem\",\"position\":3,\"name\":\"Ausgliederung des Alterszentrums Frohmatt in eine eigenst\u00e4ndige Aktiengesellschaft mit gemeinn\u00fctzigem Zweck im Eigentum der Stadt W\u00e4denswil\"}]},{\"@type\":\"WebSite\",\"@id\":\"https:\/\/web.gruene-zh.ch\/waedenswil\/#website\",\"url\":\"https:\/\/web.gruene-zh.ch\/waedenswil\/\",\"name\":\"GR\u00dcNE W\u00e4denswil\",\"description\":\"F\u00fcr Lebensqualit\u00e4t in W\u00e4denswil\",\"potentialAction\":[{\"@type\":\"SearchAction\",\"target\":{\"@type\":\"EntryPoint\",\"urlTemplate\":\"https:\/\/web.gruene-zh.ch\/waedenswil\/?s={search_term_string}\"},\"query-input\":{\"@type\":\"PropertyValueSpecification\",\"valueRequired\":true,\"valueName\":\"search_term_string\"}}],\"inLanguage\":\"de\"},{\"@type\":\"Person\",\"@id\":\"https:\/\/web.gruene-zh.ch\/waedenswil\/#\/schema\/person\/d628cc34470f3201ac84531ace92350b\",\"name\":\"mayaalbrecht\",\"image\":{\"@type\":\"ImageObject\",\"inLanguage\":\"de\",\"@id\":\"https:\/\/web.gruene-zh.ch\/waedenswil\/#\/schema\/person\/image\/\",\"url\":\"https:\/\/secure.gravatar.com\/avatar\/ed78d0f969dbb71c26ff6b0820b82324d732888b5fb5ba9139f01c5f3ba35dc6?s=96&d=mm&r=g\",\"contentUrl\":\"https:\/\/secure.gravatar.com\/avatar\/ed78d0f969dbb71c26ff6b0820b82324d732888b5fb5ba9139f01c5f3ba35dc6?s=96&d=mm&r=g\",\"caption\":\"mayaalbrecht\"}}]}<\/script>\n<!-- \/ Yoast SEO plugin. -->","yoast_head_json":{"title":"Ausgliederung des Alterszentrums Frohmatt in eine eigenst\u00e4ndige Aktiengesellschaft mit gemeinn\u00fctzigem Zweck im Eigentum der Stadt W\u00e4denswil - GR\u00dcNE W\u00e4denswil","description":"Das Alterszentrum Frohmatt soll aus der Verwaltung herausgel\u00f6st und in eine eigenst\u00e4ndige Aktiengesellschaft mit gemeinn\u00fctzigem, also \u00f6ffentlichem Zweck \u00fcberf\u00fchrt werden. Die Stadt bleibt alleinige Eigent\u00fcmerin. Sie beh\u00e4lt die Kontrolle als oberste Instanz.","robots":{"index":"index","follow":"follow","max-snippet":"max-snippet:-1","max-image-preview":"max-image-preview:large","max-video-preview":"max-video-preview:-1"},"canonical":"https:\/\/web.gruene-zh.ch\/waedenswil\/blog\/allgemein\/alterszentrumfrohmatt-copy","og_locale":"de_DE","og_type":"article","og_title":"Ausgliederung des Alterszentrums Frohmatt in eine eigenst\u00e4ndige Aktiengesellschaft mit gemeinn\u00fctzigem Zweck im Eigentum der Stadt W\u00e4denswil - GR\u00dcNE W\u00e4denswil","og_description":"Das Alterszentrum Frohmatt soll aus der Verwaltung herausgel\u00f6st und in eine eigenst\u00e4ndige Aktiengesellschaft mit gemeinn\u00fctzigem, also \u2026","og_url":"https:\/\/web.gruene-zh.ch\/waedenswil\/blog\/allgemein\/alterszentrumfrohmatt-copy","og_site_name":"GR\u00dcNE W\u00e4denswil","article_published_time":"2025-01-20T19:39:49+00:00","article_modified_time":"2025-01-21T21:31:28+00:00","og_image":[{"width":1200,"height":630,"url":"https:\/\/web.gruene-zh.ch\/waedenswil\/wp-content\/uploads\/sites\/9\/2025\/01\/950_012501-JA-Abstimmmung-Frohmatt-1200x630-c-center.jpg","type":"image\/png"}],"author":"mayaalbrecht","twitter_card":"summary_large_image","twitter_misc":{"Verfasst von":"mayaalbrecht","Gesch\u00e4tzte Lesezeit":"3\u00a0Minuten"},"schema":{"@context":"https:\/\/schema.org","@graph":[{"@type":"Article","@id":"https:\/\/web.gruene-zh.ch\/waedenswil\/blog\/allgemein\/alterszentrumfrohmatt-copy#article","isPartOf":{"@id":"https:\/\/web.gruene-zh.ch\/waedenswil\/blog\/allgemein\/alterszentrumfrohmatt-copy"},"author":{"name":"mayaalbrecht","@id":"https:\/\/web.gruene-zh.ch\/waedenswil\/#\/schema\/person\/d628cc34470f3201ac84531ace92350b"},"headline":"Ausgliederung des Alterszentrums Frohmatt in eine eigenst\u00e4ndige Aktiengesellschaft mit gemeinn\u00fctzigem Zweck im Eigentum der Stadt W\u00e4denswil","datePublished":"2025-01-20T19:39:49+00:00","dateModified":"2025-01-21T21:31:28+00:00","mainEntityOfPage":{"@id":"https:\/\/web.gruene-zh.ch\/waedenswil\/blog\/allgemein\/alterszentrumfrohmatt-copy"},"wordCount":19,"image":{"@id":"https:\/\/web.gruene-zh.ch\/waedenswil\/blog\/allgemein\/alterszentrumfrohmatt-copy#primaryimage"},"thumbnailUrl":"https:\/\/web.gruene-zh.ch\/waedenswil\/wp-content\/uploads\/sites\/9\/2025\/01\/950_012501-JA-Abstimmmung-Frohmatt-2560x0-c-default.png","inLanguage":"de"},{"@type":"WebPage","@id":"https:\/\/web.gruene-zh.ch\/waedenswil\/blog\/allgemein\/alterszentrumfrohmatt-copy","url":"https:\/\/web.gruene-zh.ch\/waedenswil\/blog\/allgemein\/alterszentrumfrohmatt-copy","name":"Ausgliederung des Alterszentrums Frohmatt in eine eigenst\u00e4ndige Aktiengesellschaft mit gemeinn\u00fctzigem Zweck im Eigentum der Stadt W\u00e4denswil - GR\u00dcNE W\u00e4denswil","isPartOf":{"@id":"https:\/\/web.gruene-zh.ch\/waedenswil\/#website"},"primaryImageOfPage":{"@id":"https:\/\/web.gruene-zh.ch\/waedenswil\/blog\/allgemein\/alterszentrumfrohmatt-copy#primaryimage"},"image":{"@id":"https:\/\/web.gruene-zh.ch\/waedenswil\/blog\/allgemein\/alterszentrumfrohmatt-copy#primaryimage"},"thumbnailUrl":"https:\/\/web.gruene-zh.ch\/waedenswil\/wp-content\/uploads\/sites\/9\/2025\/01\/950_012501-JA-Abstimmmung-Frohmatt-2560x0-c-default.png","datePublished":"2025-01-20T19:39:49+00:00","dateModified":"2025-01-21T21:31:28+00:00","author":{"@id":"https:\/\/web.gruene-zh.ch\/waedenswil\/#\/schema\/person\/d628cc34470f3201ac84531ace92350b"},"description":"Das Alterszentrum Frohmatt soll aus der Verwaltung herausgel\u00f6st und in eine eigenst\u00e4ndige Aktiengesellschaft mit gemeinn\u00fctzigem, also \u00f6ffentlichem Zweck \u00fcberf\u00fchrt werden. Die Stadt bleibt alleinige Eigent\u00fcmerin. Sie beh\u00e4lt die Kontrolle als oberste Instanz.","breadcrumb":{"@id":"https:\/\/web.gruene-zh.ch\/waedenswil\/blog\/allgemein\/alterszentrumfrohmatt-copy#breadcrumb"},"inLanguage":"de","potentialAction":[{"@type":"ReadAction","target":["https:\/\/web.gruene-zh.ch\/waedenswil\/blog\/allgemein\/alterszentrumfrohmatt-copy"]}]},{"@type":"ImageObject","inLanguage":"de","@id":"https:\/\/web.gruene-zh.ch\/waedenswil\/blog\/allgemein\/alterszentrumfrohmatt-copy#primaryimage","url":"https:\/\/web.gruene-zh.ch\/waedenswil\/wp-content\/uploads\/sites\/9\/2025\/01\/950_012501-JA-Abstimmmung-Frohmatt-2560x0-c-default.png","contentUrl":"https:\/\/web.gruene-zh.ch\/waedenswil\/wp-content\/uploads\/sites\/9\/2025\/01\/950_012501-JA-Abstimmmung-Frohmatt-2560x0-c-default.png","width":1458,"height":2000,"caption":"JA zur Frohmatt - fit f\u00fcr die Zukunft"},{"@type":"BreadcrumbList","@id":"https:\/\/web.gruene-zh.ch\/waedenswil\/blog\/allgemein\/alterszentrumfrohmatt-copy#breadcrumb","itemListElement":[{"@type":"ListItem","position":1,"name":"Startseite","item":"https:\/\/web.gruene-zh.ch\/waedenswil\/"},{"@type":"ListItem","position":2,"name":"Allgemein","item":"https:\/\/web.gruene-zh.ch\/waedenswil\/blog\/category\/allgemein"},{"@type":"ListItem","position":3,"name":"Ausgliederung des Alterszentrums Frohmatt in eine eigenst\u00e4ndige Aktiengesellschaft mit gemeinn\u00fctzigem Zweck im Eigentum der Stadt W\u00e4denswil"}]},{"@type":"WebSite","@id":"https:\/\/web.gruene-zh.ch\/waedenswil\/#website","url":"https:\/\/web.gruene-zh.ch\/waedenswil\/","name":"GR\u00dcNE W\u00e4denswil","description":"F\u00fcr Lebensqualit\u00e4t in W\u00e4denswil","potentialAction":[{"@type":"SearchAction","target":{"@type":"EntryPoint","urlTemplate":"https:\/\/web.gruene-zh.ch\/waedenswil\/?s={search_term_string}"},"query-input":{"@type":"PropertyValueSpecification","valueRequired":true,"valueName":"search_term_string"}}],"inLanguage":"de"},{"@type":"Person","@id":"https:\/\/web.gruene-zh.ch\/waedenswil\/#\/schema\/person\/d628cc34470f3201ac84531ace92350b","name":"mayaalbrecht","image":{"@type":"ImageObject","inLanguage":"de","@id":"https:\/\/web.gruene-zh.ch\/waedenswil\/#\/schema\/person\/image\/","url":"https:\/\/secure.gravatar.com\/avatar\/ed78d0f969dbb71c26ff6b0820b82324d732888b5fb5ba9139f01c5f3ba35dc6?s=96&d=mm&r=g","contentUrl":"https:\/\/secure.gravatar.com\/avatar\/ed78d0f969dbb71c26ff6b0820b82324d732888b5fb5ba9139f01c5f3ba35dc6?s=96&d=mm&r=g","caption":"mayaalbrecht"}}]}},"_links":{"self":[{"href":"https:\/\/web.gruene-zh.ch\/waedenswil\/wp-json\/wp\/v2\/posts\/1586","targetHints":{"allow":["GET"]}}],"collection":[{"href":"https:\/\/web.gruene-zh.ch\/waedenswil\/wp-json\/wp\/v2\/posts"}],"about":[{"href":"https:\/\/web.gruene-zh.ch\/waedenswil\/wp-json\/wp\/v2\/types\/post"}],"author":[{"embeddable":true,"href":"https:\/\/web.gruene-zh.ch\/waedenswil\/wp-json\/wp\/v2\/users\/33"}],"replies":[{"embeddable":true,"href":"https:\/\/web.gruene-zh.ch\/waedenswil\/wp-json\/wp\/v2\/comments?post=1586"}],"version-history":[{"count":6,"href":"https:\/\/web.gruene-zh.ch\/waedenswil\/wp-json\/wp\/v2\/posts\/1586\/revisions"}],"predecessor-version":[{"id":1612,"href":"https:\/\/web.gruene-zh.ch\/waedenswil\/wp-json\/wp\/v2\/posts\/1586\/revisions\/1612"}],"wp:featuredmedia":[{"embeddable":true,"href":"https:\/\/web.gruene-zh.ch\/waedenswil\/wp-json\/wp\/v2\/media\/1578"}],"wp:attachment":[{"href":"https:\/\/web.gruene-zh.ch\/waedenswil\/wp-json\/wp\/v2\/media?parent=1586"}],"wp:term":[{"taxonomy":"category","embeddable":true,"href":"https:\/\/web.gruene-zh.ch\/waedenswil\/wp-json\/wp\/v2\/categories?post=1586"},{"taxonomy":"post_tag","embeddable":true,"href":"https:\/\/web.gruene-zh.ch\/waedenswil\/wp-json\/wp\/v2\/tags?post=1586"}],"curies":[{"name":"wp","href":"https:\/\/api.w.org\/{rel}","templated":true}]}}