{"id":1549,"date":"2025-01-20T17:29:31","date_gmt":"2025-01-20T16:29:31","guid":{"rendered":"https:\/\/web.gruene-zh.ch\/waedenswil\/?p=1549"},"modified":"2025-03-27T17:29:20","modified_gmt":"2025-03-27T16:29:20","slug":"alterszentrumfrohmatt","status":"publish","type":"post","link":"https:\/\/web.gruene-zh.ch\/waedenswil\/blog\/allgemein\/alterszentrumfrohmatt","title":{"rendered":"Alterszentrum Frohmatt"},"content":{"rendered":"","protected":false},"excerpt":{"rendered":"","protected":false},"author":33,"featured_media":1578,"comment_status":"closed","ping_status":"closed","sticky":false,"template":"","format":"standard","meta":{"_acf_changed":false,"inline_featured_image":false,"footnotes":""},"categories":[1],"tags":[],"class_list":["post-1549","post","type-post","status-publish","format-standard","has-post-thumbnail","hentry","category-allgemein"],"acf":[],"yoast_head":"<!-- This site is optimized with the Yoast SEO plugin v26.9 - https:\/\/yoast.com\/product\/yoast-seo-wordpress\/ -->\n<title>Alterszentrum Frohmatt - GR\u00dcNE W\u00e4denswil<\/title>\n<meta name=\"description\" content=\"Das Alterszentrum Frohmatt ist jetzt fit f\u00fcr die Zukunft! Mit einfachem, flexiblem Betrieb, mit gemeinn\u00fctzigem Zweck, mit hoher Pflegequalit\u00e4t, bezahlbar f\u00fcr alle und im alleinigen Eigentum der Stadt. Wir erz\u00e4hlen die Geschichte weiter.\" \/>\n<meta name=\"robots\" content=\"index, follow, max-snippet:-1, max-image-preview:large, max-video-preview:-1\" \/>\n<link rel=\"canonical\" href=\"https:\/\/web.gruene-zh.ch\/waedenswil\/blog\/allgemein\/alterszentrumfrohmatt\" \/>\n<meta property=\"og:locale\" content=\"de_DE\" \/>\n<meta property=\"og:type\" content=\"article\" \/>\n<meta property=\"og:title\" content=\"Alterszentrum Frohmatt - GR\u00dcNE W\u00e4denswil\" \/>\n<meta property=\"og:description\" content=\"Das Alterszentrum Frohmatt ist jetzt fit f\u00fcr die Zukunft! Mit einfachem, flexiblem Betrieb, mit gemeinn\u00fctzigem Zweck, mit hoher \u2026\" \/>\n<meta property=\"og:url\" content=\"https:\/\/web.gruene-zh.ch\/waedenswil\/blog\/allgemein\/alterszentrumfrohmatt\" \/>\n<meta property=\"og:site_name\" content=\"GR\u00dcNE W\u00e4denswil\" \/>\n<meta property=\"article:published_time\" content=\"2025-01-20T16:29:31+00:00\" \/>\n<meta property=\"article:modified_time\" content=\"2025-03-27T16:29:20+00:00\" \/>\n<meta property=\"og:image\" content=\"https:\/\/web.gruene-zh.ch\/waedenswil\/wp-content\/uploads\/sites\/9\/2025\/01\/950_012501-JA-Abstimmmung-Frohmatt-1200x630-c-center.jpg\" \/>\n\t<meta property=\"og:image:width\" content=\"1200\" \/>\n\t<meta property=\"og:image:height\" content=\"630\" \/>\n\t<meta property=\"og:image:type\" content=\"image\/png\" \/>\n<meta name=\"author\" content=\"mayaalbrecht\" \/>\n<meta name=\"twitter:card\" content=\"summary_large_image\" \/>\n<meta name=\"twitter:label1\" content=\"Verfasst von\" \/>\n\t<meta name=\"twitter:data1\" content=\"mayaalbrecht\" \/>\n\t<meta name=\"twitter:label2\" content=\"Gesch\u00e4tzte Lesezeit\" \/>\n\t<meta name=\"twitter:data2\" content=\"2\u00a0Minuten\" \/>\n<script type=\"application\/ld+json\" class=\"yoast-schema-graph\">{\"@context\":\"https:\/\/schema.org\",\"@graph\":[{\"@type\":\"Article\",\"@id\":\"https:\/\/web.gruene-zh.ch\/waedenswil\/blog\/allgemein\/alterszentrumfrohmatt#article\",\"isPartOf\":{\"@id\":\"https:\/\/web.gruene-zh.ch\/waedenswil\/blog\/allgemein\/alterszentrumfrohmatt\"},\"author\":{\"name\":\"mayaalbrecht\",\"@id\":\"https:\/\/web.gruene-zh.ch\/waedenswil\/#\/schema\/person\/d628cc34470f3201ac84531ace92350b\"},\"headline\":\"Alterszentrum Frohmatt\",\"datePublished\":\"2025-01-20T16:29:31+00:00\",\"dateModified\":\"2025-03-27T16:29:20+00:00\",\"mainEntityOfPage\":{\"@id\":\"https:\/\/web.gruene-zh.ch\/waedenswil\/blog\/allgemein\/alterszentrumfrohmatt\"},\"wordCount\":2,\"image\":{\"@id\":\"https:\/\/web.gruene-zh.ch\/waedenswil\/blog\/allgemein\/alterszentrumfrohmatt#primaryimage\"},\"thumbnailUrl\":\"https:\/\/web.gruene-zh.ch\/waedenswil\/wp-content\/uploads\/sites\/9\/2025\/01\/950_012501-JA-Abstimmmung-Frohmatt-2560x0-c-default.png\",\"inLanguage\":\"de\"},{\"@type\":\"WebPage\",\"@id\":\"https:\/\/web.gruene-zh.ch\/waedenswil\/blog\/allgemein\/alterszentrumfrohmatt\",\"url\":\"https:\/\/web.gruene-zh.ch\/waedenswil\/blog\/allgemein\/alterszentrumfrohmatt\",\"name\":\"Alterszentrum Frohmatt - GR\u00dcNE W\u00e4denswil\",\"isPartOf\":{\"@id\":\"https:\/\/web.gruene-zh.ch\/waedenswil\/#website\"},\"primaryImageOfPage\":{\"@id\":\"https:\/\/web.gruene-zh.ch\/waedenswil\/blog\/allgemein\/alterszentrumfrohmatt#primaryimage\"},\"image\":{\"@id\":\"https:\/\/web.gruene-zh.ch\/waedenswil\/blog\/allgemein\/alterszentrumfrohmatt#primaryimage\"},\"thumbnailUrl\":\"https:\/\/web.gruene-zh.ch\/waedenswil\/wp-content\/uploads\/sites\/9\/2025\/01\/950_012501-JA-Abstimmmung-Frohmatt-2560x0-c-default.png\",\"datePublished\":\"2025-01-20T16:29:31+00:00\",\"dateModified\":\"2025-03-27T16:29:20+00:00\",\"author\":{\"@id\":\"https:\/\/web.gruene-zh.ch\/waedenswil\/#\/schema\/person\/d628cc34470f3201ac84531ace92350b\"},\"description\":\"Das Alterszentrum Frohmatt ist jetzt fit f\u00fcr die Zukunft! Mit einfachem, flexiblem Betrieb, mit gemeinn\u00fctzigem Zweck, mit hoher Pflegequalit\u00e4t, bezahlbar f\u00fcr alle und im alleinigen Eigentum der Stadt. Wir erz\u00e4hlen die Geschichte weiter.\",\"breadcrumb\":{\"@id\":\"https:\/\/web.gruene-zh.ch\/waedenswil\/blog\/allgemein\/alterszentrumfrohmatt#breadcrumb\"},\"inLanguage\":\"de\",\"potentialAction\":[{\"@type\":\"ReadAction\",\"target\":[\"https:\/\/web.gruene-zh.ch\/waedenswil\/blog\/allgemein\/alterszentrumfrohmatt\"]}]},{\"@type\":\"ImageObject\",\"inLanguage\":\"de\",\"@id\":\"https:\/\/web.gruene-zh.ch\/waedenswil\/blog\/allgemein\/alterszentrumfrohmatt#primaryimage\",\"url\":\"https:\/\/web.gruene-zh.ch\/waedenswil\/wp-content\/uploads\/sites\/9\/2025\/01\/950_012501-JA-Abstimmmung-Frohmatt-2560x0-c-default.png\",\"contentUrl\":\"https:\/\/web.gruene-zh.ch\/waedenswil\/wp-content\/uploads\/sites\/9\/2025\/01\/950_012501-JA-Abstimmmung-Frohmatt-2560x0-c-default.png\",\"width\":1458,\"height\":2000,\"caption\":\"JA zur Frohmatt - fit f\u00fcr die Zukunft\"},{\"@type\":\"BreadcrumbList\",\"@id\":\"https:\/\/web.gruene-zh.ch\/waedenswil\/blog\/allgemein\/alterszentrumfrohmatt#breadcrumb\",\"itemListElement\":[{\"@type\":\"ListItem\",\"position\":1,\"name\":\"Startseite\",\"item\":\"https:\/\/web.gruene-zh.ch\/waedenswil\/\"},{\"@type\":\"ListItem\",\"position\":2,\"name\":\"Allgemein\",\"item\":\"https:\/\/web.gruene-zh.ch\/waedenswil\/blog\/category\/allgemein\"},{\"@type\":\"ListItem\",\"position\":3,\"name\":\"Alterszentrum Frohmatt\"}]},{\"@type\":\"WebSite\",\"@id\":\"https:\/\/web.gruene-zh.ch\/waedenswil\/#website\",\"url\":\"https:\/\/web.gruene-zh.ch\/waedenswil\/\",\"name\":\"GR\u00dcNE W\u00e4denswil\",\"description\":\"F\u00fcr Lebensqualit\u00e4t in W\u00e4denswil\",\"potentialAction\":[{\"@type\":\"SearchAction\",\"target\":{\"@type\":\"EntryPoint\",\"urlTemplate\":\"https:\/\/web.gruene-zh.ch\/waedenswil\/?s={search_term_string}\"},\"query-input\":{\"@type\":\"PropertyValueSpecification\",\"valueRequired\":true,\"valueName\":\"search_term_string\"}}],\"inLanguage\":\"de\"},{\"@type\":\"Person\",\"@id\":\"https:\/\/web.gruene-zh.ch\/waedenswil\/#\/schema\/person\/d628cc34470f3201ac84531ace92350b\",\"name\":\"mayaalbrecht\",\"image\":{\"@type\":\"ImageObject\",\"inLanguage\":\"de\",\"@id\":\"https:\/\/web.gruene-zh.ch\/waedenswil\/#\/schema\/person\/image\/\",\"url\":\"https:\/\/secure.gravatar.com\/avatar\/ed78d0f969dbb71c26ff6b0820b82324d732888b5fb5ba9139f01c5f3ba35dc6?s=96&d=mm&r=g\",\"contentUrl\":\"https:\/\/secure.gravatar.com\/avatar\/ed78d0f969dbb71c26ff6b0820b82324d732888b5fb5ba9139f01c5f3ba35dc6?s=96&d=mm&r=g\",\"caption\":\"mayaalbrecht\"}}]}<\/script>\n<!-- \/ Yoast SEO plugin. -->","yoast_head_json":{"title":"Alterszentrum Frohmatt - GR\u00dcNE W\u00e4denswil","description":"Das Alterszentrum Frohmatt ist jetzt fit f\u00fcr die Zukunft! Mit einfachem, flexiblem Betrieb, mit gemeinn\u00fctzigem Zweck, mit hoher Pflegequalit\u00e4t, bezahlbar f\u00fcr alle und im alleinigen Eigentum der Stadt. Wir erz\u00e4hlen die Geschichte weiter.","robots":{"index":"index","follow":"follow","max-snippet":"max-snippet:-1","max-image-preview":"max-image-preview:large","max-video-preview":"max-video-preview:-1"},"canonical":"https:\/\/web.gruene-zh.ch\/waedenswil\/blog\/allgemein\/alterszentrumfrohmatt","og_locale":"de_DE","og_type":"article","og_title":"Alterszentrum Frohmatt - GR\u00dcNE W\u00e4denswil","og_description":"Das Alterszentrum Frohmatt ist jetzt fit f\u00fcr die Zukunft! Mit einfachem, flexiblem Betrieb, mit gemeinn\u00fctzigem Zweck, mit hoher \u2026","og_url":"https:\/\/web.gruene-zh.ch\/waedenswil\/blog\/allgemein\/alterszentrumfrohmatt","og_site_name":"GR\u00dcNE W\u00e4denswil","article_published_time":"2025-01-20T16:29:31+00:00","article_modified_time":"2025-03-27T16:29:20+00:00","og_image":[{"width":1200,"height":630,"url":"https:\/\/web.gruene-zh.ch\/waedenswil\/wp-content\/uploads\/sites\/9\/2025\/01\/950_012501-JA-Abstimmmung-Frohmatt-1200x630-c-center.jpg","type":"image\/png"}],"author":"mayaalbrecht","twitter_card":"summary_large_image","twitter_misc":{"Verfasst von":"mayaalbrecht","Gesch\u00e4tzte Lesezeit":"2\u00a0Minuten"},"schema":{"@context":"https:\/\/schema.org","@graph":[{"@type":"Article","@id":"https:\/\/web.gruene-zh.ch\/waedenswil\/blog\/allgemein\/alterszentrumfrohmatt#article","isPartOf":{"@id":"https:\/\/web.gruene-zh.ch\/waedenswil\/blog\/allgemein\/alterszentrumfrohmatt"},"author":{"name":"mayaalbrecht","@id":"https:\/\/web.gruene-zh.ch\/waedenswil\/#\/schema\/person\/d628cc34470f3201ac84531ace92350b"},"headline":"Alterszentrum Frohmatt","datePublished":"2025-01-20T16:29:31+00:00","dateModified":"2025-03-27T16:29:20+00:00","mainEntityOfPage":{"@id":"https:\/\/web.gruene-zh.ch\/waedenswil\/blog\/allgemein\/alterszentrumfrohmatt"},"wordCount":2,"image":{"@id":"https:\/\/web.gruene-zh.ch\/waedenswil\/blog\/allgemein\/alterszentrumfrohmatt#primaryimage"},"thumbnailUrl":"https:\/\/web.gruene-zh.ch\/waedenswil\/wp-content\/uploads\/sites\/9\/2025\/01\/950_012501-JA-Abstimmmung-Frohmatt-2560x0-c-default.png","inLanguage":"de"},{"@type":"WebPage","@id":"https:\/\/web.gruene-zh.ch\/waedenswil\/blog\/allgemein\/alterszentrumfrohmatt","url":"https:\/\/web.gruene-zh.ch\/waedenswil\/blog\/allgemein\/alterszentrumfrohmatt","name":"Alterszentrum Frohmatt - GR\u00dcNE W\u00e4denswil","isPartOf":{"@id":"https:\/\/web.gruene-zh.ch\/waedenswil\/#website"},"primaryImageOfPage":{"@id":"https:\/\/web.gruene-zh.ch\/waedenswil\/blog\/allgemein\/alterszentrumfrohmatt#primaryimage"},"image":{"@id":"https:\/\/web.gruene-zh.ch\/waedenswil\/blog\/allgemein\/alterszentrumfrohmatt#primaryimage"},"thumbnailUrl":"https:\/\/web.gruene-zh.ch\/waedenswil\/wp-content\/uploads\/sites\/9\/2025\/01\/950_012501-JA-Abstimmmung-Frohmatt-2560x0-c-default.png","datePublished":"2025-01-20T16:29:31+00:00","dateModified":"2025-03-27T16:29:20+00:00","author":{"@id":"https:\/\/web.gruene-zh.ch\/waedenswil\/#\/schema\/person\/d628cc34470f3201ac84531ace92350b"},"description":"Das Alterszentrum Frohmatt ist jetzt fit f\u00fcr die Zukunft! Mit einfachem, flexiblem Betrieb, mit gemeinn\u00fctzigem Zweck, mit hoher Pflegequalit\u00e4t, bezahlbar f\u00fcr alle und im alleinigen Eigentum der Stadt. Wir erz\u00e4hlen die Geschichte weiter.","breadcrumb":{"@id":"https:\/\/web.gruene-zh.ch\/waedenswil\/blog\/allgemein\/alterszentrumfrohmatt#breadcrumb"},"inLanguage":"de","potentialAction":[{"@type":"ReadAction","target":["https:\/\/web.gruene-zh.ch\/waedenswil\/blog\/allgemein\/alterszentrumfrohmatt"]}]},{"@type":"ImageObject","inLanguage":"de","@id":"https:\/\/web.gruene-zh.ch\/waedenswil\/blog\/allgemein\/alterszentrumfrohmatt#primaryimage","url":"https:\/\/web.gruene-zh.ch\/waedenswil\/wp-content\/uploads\/sites\/9\/2025\/01\/950_012501-JA-Abstimmmung-Frohmatt-2560x0-c-default.png","contentUrl":"https:\/\/web.gruene-zh.ch\/waedenswil\/wp-content\/uploads\/sites\/9\/2025\/01\/950_012501-JA-Abstimmmung-Frohmatt-2560x0-c-default.png","width":1458,"height":2000,"caption":"JA zur Frohmatt - fit f\u00fcr die Zukunft"},{"@type":"BreadcrumbList","@id":"https:\/\/web.gruene-zh.ch\/waedenswil\/blog\/allgemein\/alterszentrumfrohmatt#breadcrumb","itemListElement":[{"@type":"ListItem","position":1,"name":"Startseite","item":"https:\/\/web.gruene-zh.ch\/waedenswil\/"},{"@type":"ListItem","position":2,"name":"Allgemein","item":"https:\/\/web.gruene-zh.ch\/waedenswil\/blog\/category\/allgemein"},{"@type":"ListItem","position":3,"name":"Alterszentrum Frohmatt"}]},{"@type":"WebSite","@id":"https:\/\/web.gruene-zh.ch\/waedenswil\/#website","url":"https:\/\/web.gruene-zh.ch\/waedenswil\/","name":"GR\u00dcNE W\u00e4denswil","description":"F\u00fcr Lebensqualit\u00e4t in W\u00e4denswil","potentialAction":[{"@type":"SearchAction","target":{"@type":"EntryPoint","urlTemplate":"https:\/\/web.gruene-zh.ch\/waedenswil\/?s={search_term_string}"},"query-input":{"@type":"PropertyValueSpecification","valueRequired":true,"valueName":"search_term_string"}}],"inLanguage":"de"},{"@type":"Person","@id":"https:\/\/web.gruene-zh.ch\/waedenswil\/#\/schema\/person\/d628cc34470f3201ac84531ace92350b","name":"mayaalbrecht","image":{"@type":"ImageObject","inLanguage":"de","@id":"https:\/\/web.gruene-zh.ch\/waedenswil\/#\/schema\/person\/image\/","url":"https:\/\/secure.gravatar.com\/avatar\/ed78d0f969dbb71c26ff6b0820b82324d732888b5fb5ba9139f01c5f3ba35dc6?s=96&d=mm&r=g","contentUrl":"https:\/\/secure.gravatar.com\/avatar\/ed78d0f969dbb71c26ff6b0820b82324d732888b5fb5ba9139f01c5f3ba35dc6?s=96&d=mm&r=g","caption":"mayaalbrecht"}}]}},"_links":{"self":[{"href":"https:\/\/web.gruene-zh.ch\/waedenswil\/wp-json\/wp\/v2\/posts\/1549","targetHints":{"allow":["GET"]}}],"collection":[{"href":"https:\/\/web.gruene-zh.ch\/waedenswil\/wp-json\/wp\/v2\/posts"}],"about":[{"href":"https:\/\/web.gruene-zh.ch\/waedenswil\/wp-json\/wp\/v2\/types\/post"}],"author":[{"embeddable":true,"href":"https:\/\/web.gruene-zh.ch\/waedenswil\/wp-json\/wp\/v2\/users\/33"}],"replies":[{"embeddable":true,"href":"https:\/\/web.gruene-zh.ch\/waedenswil\/wp-json\/wp\/v2\/comments?post=1549"}],"version-history":[{"count":22,"href":"https:\/\/web.gruene-zh.ch\/waedenswil\/wp-json\/wp\/v2\/posts\/1549\/revisions"}],"predecessor-version":[{"id":1692,"href":"https:\/\/web.gruene-zh.ch\/waedenswil\/wp-json\/wp\/v2\/posts\/1549\/revisions\/1692"}],"wp:featuredmedia":[{"embeddable":true,"href":"https:\/\/web.gruene-zh.ch\/waedenswil\/wp-json\/wp\/v2\/media\/1578"}],"wp:attachment":[{"href":"https:\/\/web.gruene-zh.ch\/waedenswil\/wp-json\/wp\/v2\/media?parent=1549"}],"wp:term":[{"taxonomy":"category","embeddable":true,"href":"https:\/\/web.gruene-zh.ch\/waedenswil\/wp-json\/wp\/v2\/categories?post=1549"},{"taxonomy":"post_tag","embeddable":true,"href":"https:\/\/web.gruene-zh.ch\/waedenswil\/wp-json\/wp\/v2\/tags?post=1549"}],"curies":[{"name":"wp","href":"https:\/\/api.w.org\/{rel}","templated":true}]}}