{"id":1286,"date":"2023-01-17T16:45:28","date_gmt":"2023-01-17T15:45:28","guid":{"rendered":"https:\/\/web.gruene-zh.ch\/waedenswil\/?p=1286"},"modified":"2023-02-04T14:55:27","modified_gmt":"2023-02-04T13:55:27","slug":"kantonsratswahlen","status":"publish","type":"post","link":"https:\/\/web.gruene-zh.ch\/waedenswil\/blog\/allgemein\/kantonsratswahlen","title":{"rendered":"Kantonsratswahlen"},"content":{"rendered":"","protected":false},"excerpt":{"rendered":"","protected":false},"author":14,"featured_media":1280,"comment_status":"closed","ping_status":"closed","sticky":false,"template":"","format":"standard","meta":{"_acf_changed":false,"inline_featured_image":false,"footnotes":""},"categories":[1],"tags":[],"class_list":["post-1286","post","type-post","status-publish","format-standard","has-post-thumbnail","hentry","category-allgemein"],"acf":[],"yoast_head":"<!-- This site is optimized with the Yoast SEO plugin v26.9 - https:\/\/yoast.com\/product\/yoast-seo-wordpress\/ -->\n<title>Kantonsratswahlen - GR\u00dcNE W\u00e4denswil<\/title>\n<meta name=\"description\" content=\"W\u00e4hlen Sie die Liste 5 und unser Spitzenkandidat aus W\u00e4denswil Nico Frommherz in den Kantonsrat. Edith H\u00e4usler, Elena Michel, Daniel Schneider, Nora Izzo, Nico Frommherz\" \/>\n<meta name=\"robots\" content=\"index, follow, max-snippet:-1, max-image-preview:large, max-video-preview:-1\" \/>\n<link rel=\"canonical\" href=\"https:\/\/web.gruene-zh.ch\/waedenswil\/blog\/allgemein\/kantonsratswahlen\" \/>\n<meta property=\"og:locale\" content=\"de_DE\" \/>\n<meta property=\"og:type\" content=\"article\" \/>\n<meta property=\"og:title\" content=\"Kantonsratswahlen - GR\u00dcNE W\u00e4denswil\" \/>\n<meta property=\"og:description\" content=\"W\u00e4hlen Sie die Liste 5 und unser Spitzenkandidat aus W\u00e4denswil Nico Frommherz in den Kantonsrat. Edith H\u00e4usler, Elena Michel, Daniel \u2026\" \/>\n<meta property=\"og:url\" content=\"https:\/\/web.gruene-zh.ch\/waedenswil\/blog\/allgemein\/kantonsratswahlen\" \/>\n<meta property=\"og:site_name\" content=\"GR\u00dcNE W\u00e4denswil\" \/>\n<meta property=\"article:published_time\" content=\"2023-01-17T15:45:28+00:00\" \/>\n<meta property=\"article:modified_time\" content=\"2023-02-04T13:55:27+00:00\" \/>\n<meta property=\"og:image\" content=\"https:\/\/web.gruene-zh.ch\/waedenswil\/wp-content\/uploads\/sites\/9\/2023\/01\/DV9gl4-k-1200x0-c-default.jpeg\" \/>\n\t<meta property=\"og:image:width\" content=\"1200\" \/>\n\t<meta property=\"og:image:height\" content=\"800\" \/>\n\t<meta property=\"og:image:type\" content=\"image\/jpeg\" \/>\n<meta name=\"author\" content=\"severinbachmann\" \/>\n<meta name=\"twitter:card\" content=\"summary_large_image\" \/>\n<meta name=\"twitter:label1\" content=\"Verfasst von\" \/>\n\t<meta name=\"twitter:data1\" content=\"severinbachmann\" \/>\n<script type=\"application\/ld+json\" class=\"yoast-schema-graph\">{\"@context\":\"https:\/\/schema.org\",\"@graph\":[{\"@type\":\"Article\",\"@id\":\"https:\/\/web.gruene-zh.ch\/waedenswil\/blog\/allgemein\/kantonsratswahlen#article\",\"isPartOf\":{\"@id\":\"https:\/\/web.gruene-zh.ch\/waedenswil\/blog\/allgemein\/kantonsratswahlen\"},\"author\":{\"name\":\"severinbachmann\",\"@id\":\"https:\/\/web.gruene-zh.ch\/waedenswil\/#\/schema\/person\/f8deb1f3ea84cbf1f8aa553500505aa9\"},\"headline\":\"Kantonsratswahlen\",\"datePublished\":\"2023-01-17T15:45:28+00:00\",\"dateModified\":\"2023-02-04T13:55:27+00:00\",\"mainEntityOfPage\":{\"@id\":\"https:\/\/web.gruene-zh.ch\/waedenswil\/blog\/allgemein\/kantonsratswahlen\"},\"wordCount\":1,\"image\":{\"@id\":\"https:\/\/web.gruene-zh.ch\/waedenswil\/blog\/allgemein\/kantonsratswahlen#primaryimage\"},\"thumbnailUrl\":\"https:\/\/web.gruene-zh.ch\/waedenswil\/wp-content\/uploads\/sites\/9\/2023\/01\/DV9gl4-k-2560x0-c-default.jpeg\",\"inLanguage\":\"de\"},{\"@type\":\"WebPage\",\"@id\":\"https:\/\/web.gruene-zh.ch\/waedenswil\/blog\/allgemein\/kantonsratswahlen\",\"url\":\"https:\/\/web.gruene-zh.ch\/waedenswil\/blog\/allgemein\/kantonsratswahlen\",\"name\":\"Kantonsratswahlen - GR\u00dcNE W\u00e4denswil\",\"isPartOf\":{\"@id\":\"https:\/\/web.gruene-zh.ch\/waedenswil\/#website\"},\"primaryImageOfPage\":{\"@id\":\"https:\/\/web.gruene-zh.ch\/waedenswil\/blog\/allgemein\/kantonsratswahlen#primaryimage\"},\"image\":{\"@id\":\"https:\/\/web.gruene-zh.ch\/waedenswil\/blog\/allgemein\/kantonsratswahlen#primaryimage\"},\"thumbnailUrl\":\"https:\/\/web.gruene-zh.ch\/waedenswil\/wp-content\/uploads\/sites\/9\/2023\/01\/DV9gl4-k-2560x0-c-default.jpeg\",\"datePublished\":\"2023-01-17T15:45:28+00:00\",\"dateModified\":\"2023-02-04T13:55:27+00:00\",\"author\":{\"@id\":\"https:\/\/web.gruene-zh.ch\/waedenswil\/#\/schema\/person\/f8deb1f3ea84cbf1f8aa553500505aa9\"},\"description\":\"W\u00e4hlen Sie die Liste 5 und unser Spitzenkandidat aus W\u00e4denswil Nico Frommherz in den Kantonsrat. Edith H\u00e4usler, Elena Michel, Daniel Schneider, Nora Izzo, Nico Frommherz\",\"breadcrumb\":{\"@id\":\"https:\/\/web.gruene-zh.ch\/waedenswil\/blog\/allgemein\/kantonsratswahlen#breadcrumb\"},\"inLanguage\":\"de\",\"potentialAction\":[{\"@type\":\"ReadAction\",\"target\":[\"https:\/\/web.gruene-zh.ch\/waedenswil\/blog\/allgemein\/kantonsratswahlen\"]}]},{\"@type\":\"ImageObject\",\"inLanguage\":\"de\",\"@id\":\"https:\/\/web.gruene-zh.ch\/waedenswil\/blog\/allgemein\/kantonsratswahlen#primaryimage\",\"url\":\"https:\/\/web.gruene-zh.ch\/waedenswil\/wp-content\/uploads\/sites\/9\/2023\/01\/DV9gl4-k-2560x0-c-default.jpeg\",\"contentUrl\":\"https:\/\/web.gruene-zh.ch\/waedenswil\/wp-content\/uploads\/sites\/9\/2023\/01\/DV9gl4-k-2560x0-c-default.jpeg\",\"width\":878,\"height\":585},{\"@type\":\"BreadcrumbList\",\"@id\":\"https:\/\/web.gruene-zh.ch\/waedenswil\/blog\/allgemein\/kantonsratswahlen#breadcrumb\",\"itemListElement\":[{\"@type\":\"ListItem\",\"position\":1,\"name\":\"Startseite\",\"item\":\"https:\/\/web.gruene-zh.ch\/waedenswil\/\"},{\"@type\":\"ListItem\",\"position\":2,\"name\":\"Allgemein\",\"item\":\"https:\/\/web.gruene-zh.ch\/waedenswil\/blog\/category\/allgemein\"},{\"@type\":\"ListItem\",\"position\":3,\"name\":\"Kantonsratswahlen\"}]},{\"@type\":\"WebSite\",\"@id\":\"https:\/\/web.gruene-zh.ch\/waedenswil\/#website\",\"url\":\"https:\/\/web.gruene-zh.ch\/waedenswil\/\",\"name\":\"GR\u00dcNE W\u00e4denswil\",\"description\":\"F\u00fcr Lebensqualit\u00e4t in W\u00e4denswil\",\"potentialAction\":[{\"@type\":\"SearchAction\",\"target\":{\"@type\":\"EntryPoint\",\"urlTemplate\":\"https:\/\/web.gruene-zh.ch\/waedenswil\/?s={search_term_string}\"},\"query-input\":{\"@type\":\"PropertyValueSpecification\",\"valueRequired\":true,\"valueName\":\"search_term_string\"}}],\"inLanguage\":\"de\"},{\"@type\":\"Person\",\"@id\":\"https:\/\/web.gruene-zh.ch\/waedenswil\/#\/schema\/person\/f8deb1f3ea84cbf1f8aa553500505aa9\",\"name\":\"severinbachmann\",\"image\":{\"@type\":\"ImageObject\",\"inLanguage\":\"de\",\"@id\":\"https:\/\/web.gruene-zh.ch\/waedenswil\/#\/schema\/person\/image\/\",\"url\":\"https:\/\/secure.gravatar.com\/avatar\/386f23db17d0dceae537072cbf8e5a4b5c9df74624e2b7df9dec95fe7ea4694e?s=96&d=mm&r=g\",\"contentUrl\":\"https:\/\/secure.gravatar.com\/avatar\/386f23db17d0dceae537072cbf8e5a4b5c9df74624e2b7df9dec95fe7ea4694e?s=96&d=mm&r=g\",\"caption\":\"severinbachmann\"}}]}<\/script>\n<!-- \/ Yoast SEO plugin. -->","yoast_head_json":{"title":"Kantonsratswahlen - GR\u00dcNE W\u00e4denswil","description":"W\u00e4hlen Sie die Liste 5 und unser Spitzenkandidat aus W\u00e4denswil Nico Frommherz in den Kantonsrat. Edith H\u00e4usler, Elena Michel, Daniel Schneider, Nora Izzo, Nico Frommherz","robots":{"index":"index","follow":"follow","max-snippet":"max-snippet:-1","max-image-preview":"max-image-preview:large","max-video-preview":"max-video-preview:-1"},"canonical":"https:\/\/web.gruene-zh.ch\/waedenswil\/blog\/allgemein\/kantonsratswahlen","og_locale":"de_DE","og_type":"article","og_title":"Kantonsratswahlen - GR\u00dcNE W\u00e4denswil","og_description":"W\u00e4hlen Sie die Liste 5 und unser Spitzenkandidat aus W\u00e4denswil Nico Frommherz in den Kantonsrat. Edith H\u00e4usler, Elena Michel, Daniel \u2026","og_url":"https:\/\/web.gruene-zh.ch\/waedenswil\/blog\/allgemein\/kantonsratswahlen","og_site_name":"GR\u00dcNE W\u00e4denswil","article_published_time":"2023-01-17T15:45:28+00:00","article_modified_time":"2023-02-04T13:55:27+00:00","og_image":[{"width":1200,"height":800,"url":"https:\/\/web.gruene-zh.ch\/waedenswil\/wp-content\/uploads\/sites\/9\/2023\/01\/DV9gl4-k-1200x0-c-default.jpeg","type":"image\/jpeg"}],"author":"severinbachmann","twitter_card":"summary_large_image","twitter_misc":{"Verfasst von":"severinbachmann"},"schema":{"@context":"https:\/\/schema.org","@graph":[{"@type":"Article","@id":"https:\/\/web.gruene-zh.ch\/waedenswil\/blog\/allgemein\/kantonsratswahlen#article","isPartOf":{"@id":"https:\/\/web.gruene-zh.ch\/waedenswil\/blog\/allgemein\/kantonsratswahlen"},"author":{"name":"severinbachmann","@id":"https:\/\/web.gruene-zh.ch\/waedenswil\/#\/schema\/person\/f8deb1f3ea84cbf1f8aa553500505aa9"},"headline":"Kantonsratswahlen","datePublished":"2023-01-17T15:45:28+00:00","dateModified":"2023-02-04T13:55:27+00:00","mainEntityOfPage":{"@id":"https:\/\/web.gruene-zh.ch\/waedenswil\/blog\/allgemein\/kantonsratswahlen"},"wordCount":1,"image":{"@id":"https:\/\/web.gruene-zh.ch\/waedenswil\/blog\/allgemein\/kantonsratswahlen#primaryimage"},"thumbnailUrl":"https:\/\/web.gruene-zh.ch\/waedenswil\/wp-content\/uploads\/sites\/9\/2023\/01\/DV9gl4-k-2560x0-c-default.jpeg","inLanguage":"de"},{"@type":"WebPage","@id":"https:\/\/web.gruene-zh.ch\/waedenswil\/blog\/allgemein\/kantonsratswahlen","url":"https:\/\/web.gruene-zh.ch\/waedenswil\/blog\/allgemein\/kantonsratswahlen","name":"Kantonsratswahlen - GR\u00dcNE W\u00e4denswil","isPartOf":{"@id":"https:\/\/web.gruene-zh.ch\/waedenswil\/#website"},"primaryImageOfPage":{"@id":"https:\/\/web.gruene-zh.ch\/waedenswil\/blog\/allgemein\/kantonsratswahlen#primaryimage"},"image":{"@id":"https:\/\/web.gruene-zh.ch\/waedenswil\/blog\/allgemein\/kantonsratswahlen#primaryimage"},"thumbnailUrl":"https:\/\/web.gruene-zh.ch\/waedenswil\/wp-content\/uploads\/sites\/9\/2023\/01\/DV9gl4-k-2560x0-c-default.jpeg","datePublished":"2023-01-17T15:45:28+00:00","dateModified":"2023-02-04T13:55:27+00:00","author":{"@id":"https:\/\/web.gruene-zh.ch\/waedenswil\/#\/schema\/person\/f8deb1f3ea84cbf1f8aa553500505aa9"},"description":"W\u00e4hlen Sie die Liste 5 und unser Spitzenkandidat aus W\u00e4denswil Nico Frommherz in den Kantonsrat. Edith H\u00e4usler, Elena Michel, Daniel Schneider, Nora Izzo, Nico Frommherz","breadcrumb":{"@id":"https:\/\/web.gruene-zh.ch\/waedenswil\/blog\/allgemein\/kantonsratswahlen#breadcrumb"},"inLanguage":"de","potentialAction":[{"@type":"ReadAction","target":["https:\/\/web.gruene-zh.ch\/waedenswil\/blog\/allgemein\/kantonsratswahlen"]}]},{"@type":"ImageObject","inLanguage":"de","@id":"https:\/\/web.gruene-zh.ch\/waedenswil\/blog\/allgemein\/kantonsratswahlen#primaryimage","url":"https:\/\/web.gruene-zh.ch\/waedenswil\/wp-content\/uploads\/sites\/9\/2023\/01\/DV9gl4-k-2560x0-c-default.jpeg","contentUrl":"https:\/\/web.gruene-zh.ch\/waedenswil\/wp-content\/uploads\/sites\/9\/2023\/01\/DV9gl4-k-2560x0-c-default.jpeg","width":878,"height":585},{"@type":"BreadcrumbList","@id":"https:\/\/web.gruene-zh.ch\/waedenswil\/blog\/allgemein\/kantonsratswahlen#breadcrumb","itemListElement":[{"@type":"ListItem","position":1,"name":"Startseite","item":"https:\/\/web.gruene-zh.ch\/waedenswil\/"},{"@type":"ListItem","position":2,"name":"Allgemein","item":"https:\/\/web.gruene-zh.ch\/waedenswil\/blog\/category\/allgemein"},{"@type":"ListItem","position":3,"name":"Kantonsratswahlen"}]},{"@type":"WebSite","@id":"https:\/\/web.gruene-zh.ch\/waedenswil\/#website","url":"https:\/\/web.gruene-zh.ch\/waedenswil\/","name":"GR\u00dcNE W\u00e4denswil","description":"F\u00fcr Lebensqualit\u00e4t in W\u00e4denswil","potentialAction":[{"@type":"SearchAction","target":{"@type":"EntryPoint","urlTemplate":"https:\/\/web.gruene-zh.ch\/waedenswil\/?s={search_term_string}"},"query-input":{"@type":"PropertyValueSpecification","valueRequired":true,"valueName":"search_term_string"}}],"inLanguage":"de"},{"@type":"Person","@id":"https:\/\/web.gruene-zh.ch\/waedenswil\/#\/schema\/person\/f8deb1f3ea84cbf1f8aa553500505aa9","name":"severinbachmann","image":{"@type":"ImageObject","inLanguage":"de","@id":"https:\/\/web.gruene-zh.ch\/waedenswil\/#\/schema\/person\/image\/","url":"https:\/\/secure.gravatar.com\/avatar\/386f23db17d0dceae537072cbf8e5a4b5c9df74624e2b7df9dec95fe7ea4694e?s=96&d=mm&r=g","contentUrl":"https:\/\/secure.gravatar.com\/avatar\/386f23db17d0dceae537072cbf8e5a4b5c9df74624e2b7df9dec95fe7ea4694e?s=96&d=mm&r=g","caption":"severinbachmann"}}]}},"_links":{"self":[{"href":"https:\/\/web.gruene-zh.ch\/waedenswil\/wp-json\/wp\/v2\/posts\/1286","targetHints":{"allow":["GET"]}}],"collection":[{"href":"https:\/\/web.gruene-zh.ch\/waedenswil\/wp-json\/wp\/v2\/posts"}],"about":[{"href":"https:\/\/web.gruene-zh.ch\/waedenswil\/wp-json\/wp\/v2\/types\/post"}],"author":[{"embeddable":true,"href":"https:\/\/web.gruene-zh.ch\/waedenswil\/wp-json\/wp\/v2\/users\/14"}],"replies":[{"embeddable":true,"href":"https:\/\/web.gruene-zh.ch\/waedenswil\/wp-json\/wp\/v2\/comments?post=1286"}],"version-history":[{"count":6,"href":"https:\/\/web.gruene-zh.ch\/waedenswil\/wp-json\/wp\/v2\/posts\/1286\/revisions"}],"predecessor-version":[{"id":1304,"href":"https:\/\/web.gruene-zh.ch\/waedenswil\/wp-json\/wp\/v2\/posts\/1286\/revisions\/1304"}],"wp:featuredmedia":[{"embeddable":true,"href":"https:\/\/web.gruene-zh.ch\/waedenswil\/wp-json\/wp\/v2\/media\/1280"}],"wp:attachment":[{"href":"https:\/\/web.gruene-zh.ch\/waedenswil\/wp-json\/wp\/v2\/media?parent=1286"}],"wp:term":[{"taxonomy":"category","embeddable":true,"href":"https:\/\/web.gruene-zh.ch\/waedenswil\/wp-json\/wp\/v2\/categories?post=1286"},{"taxonomy":"post_tag","embeddable":true,"href":"https:\/\/web.gruene-zh.ch\/waedenswil\/wp-json\/wp\/v2\/tags?post=1286"}],"curies":[{"name":"wp","href":"https:\/\/api.w.org\/{rel}","templated":true}]}}