{"id":1161,"date":"2026-01-04T20:05:33","date_gmt":"2026-01-04T19:05:33","guid":{"rendered":"https:\/\/web.gruene-zh.ch\/staefa\/?p=1161"},"modified":"2026-01-04T20:19:30","modified_gmt":"2026-01-04T19:19:30","slug":"wir-kandidieren-fuer-die-gemeindebehoerden","status":"publish","type":"post","link":"https:\/\/web.gruene-zh.ch\/staefa\/blog\/allgemein\/wir-kandidieren-fuer-die-gemeindebehoerden","title":{"rendered":"Wir kandidieren f\u00fcr die Gemeindebeh\u00f6rden"},"content":{"rendered":"","protected":false},"excerpt":{"rendered":"","protected":false},"author":47,"featured_media":1121,"comment_status":"closed","ping_status":"closed","sticky":false,"template":"","format":"standard","meta":{"_acf_changed":false,"inline_featured_image":false,"footnotes":""},"categories":[1],"tags":[29],"class_list":["post-1161","post","type-post","status-publish","format-standard","has-post-thumbnail","hentry","category-allgemein","tag-wahlen"],"acf":[],"yoast_head":"<!-- This site is optimized with the Yoast SEO plugin v26.9 - https:\/\/yoast.com\/product\/yoast-seo-wordpress\/ -->\n<title>Wir kandidieren f\u00fcr die Gemeindebeh\u00f6rden - GR\u00dcNE St\u00e4fa<\/title>\n<meta name=\"description\" content=\"F\u00fcr die Sozialbeh\u00f6rde und die Werkbeh\u00f6rde stellen wir uns auf.\" \/>\n<meta name=\"robots\" content=\"index, follow, max-snippet:-1, max-image-preview:large, max-video-preview:-1\" \/>\n<link rel=\"canonical\" href=\"https:\/\/web.gruene-zh.ch\/staefa\/blog\/allgemein\/wir-kandidieren-fuer-die-gemeindebehoerden\" \/>\n<meta property=\"og:locale\" content=\"de_DE\" \/>\n<meta property=\"og:type\" content=\"article\" \/>\n<meta property=\"og:title\" content=\"Wir kandidieren f\u00fcr die Gemeindebeh\u00f6rden - GR\u00dcNE St\u00e4fa\" \/>\n<meta property=\"og:description\" content=\"F\u00fcr die Sozialbeh\u00f6rde und die Werkbeh\u00f6rde stellen wir uns auf.\" \/>\n<meta property=\"og:url\" content=\"https:\/\/web.gruene-zh.ch\/staefa\/blog\/allgemein\/wir-kandidieren-fuer-die-gemeindebehoerden\" \/>\n<meta property=\"og:site_name\" content=\"GR\u00dcNE St\u00e4fa\" \/>\n<meta property=\"article:published_time\" content=\"2026-01-04T19:05:33+00:00\" \/>\n<meta property=\"article:modified_time\" content=\"2026-01-04T19:19:30+00:00\" \/>\n<meta property=\"og:image\" content=\"https:\/\/web.gruene-zh.ch\/staefa\/wp-content\/uploads\/sites\/48\/2026\/01\/Screenshot-2026-01-04-145838.png\" \/>\n\t<meta property=\"og:image:width\" content=\"565\" \/>\n\t<meta property=\"og:image:height\" content=\"630\" \/>\n\t<meta property=\"og:image:type\" content=\"image\/png\" \/>\n<meta name=\"author\" content=\"fehlmannb\" \/>\n<meta name=\"twitter:card\" content=\"summary_large_image\" \/>\n<meta name=\"twitter:label1\" content=\"Verfasst von\" \/>\n\t<meta name=\"twitter:data1\" content=\"fehlmannb\" \/>\n\t<meta name=\"twitter:label2\" content=\"Gesch\u00e4tzte Lesezeit\" \/>\n\t<meta name=\"twitter:data2\" content=\"1\u00a0Minute\" \/>\n<script type=\"application\/ld+json\" class=\"yoast-schema-graph\">{\"@context\":\"https:\/\/schema.org\",\"@graph\":[{\"@type\":\"Article\",\"@id\":\"https:\/\/web.gruene-zh.ch\/staefa\/blog\/allgemein\/wir-kandidieren-fuer-die-gemeindebehoerden#article\",\"isPartOf\":{\"@id\":\"https:\/\/web.gruene-zh.ch\/staefa\/blog\/allgemein\/wir-kandidieren-fuer-die-gemeindebehoerden\"},\"author\":{\"name\":\"fehlmannb\",\"@id\":\"https:\/\/web.gruene-zh.ch\/staefa\/#\/schema\/person\/d0cd660c4c3374d33031d9b03abd8993\"},\"headline\":\"Wir kandidieren f\u00fcr die Gemeindebeh\u00f6rden\",\"datePublished\":\"2026-01-04T19:05:33+00:00\",\"dateModified\":\"2026-01-04T19:19:30+00:00\",\"mainEntityOfPage\":{\"@id\":\"https:\/\/web.gruene-zh.ch\/staefa\/blog\/allgemein\/wir-kandidieren-fuer-die-gemeindebehoerden\"},\"wordCount\":7,\"image\":{\"@id\":\"https:\/\/web.gruene-zh.ch\/staefa\/blog\/allgemein\/wir-kandidieren-fuer-die-gemeindebehoerden#primaryimage\"},\"thumbnailUrl\":\"https:\/\/web.gruene-zh.ch\/staefa\/wp-content\/uploads\/sites\/48\/2026\/01\/Screenshot-2026-01-04-145838.png\",\"keywords\":[\"Wahlen\"],\"inLanguage\":\"de\"},{\"@type\":\"WebPage\",\"@id\":\"https:\/\/web.gruene-zh.ch\/staefa\/blog\/allgemein\/wir-kandidieren-fuer-die-gemeindebehoerden\",\"url\":\"https:\/\/web.gruene-zh.ch\/staefa\/blog\/allgemein\/wir-kandidieren-fuer-die-gemeindebehoerden\",\"name\":\"Wir kandidieren f\u00fcr die Gemeindebeh\u00f6rden - GR\u00dcNE St\u00e4fa\",\"isPartOf\":{\"@id\":\"https:\/\/web.gruene-zh.ch\/staefa\/#website\"},\"primaryImageOfPage\":{\"@id\":\"https:\/\/web.gruene-zh.ch\/staefa\/blog\/allgemein\/wir-kandidieren-fuer-die-gemeindebehoerden#primaryimage\"},\"image\":{\"@id\":\"https:\/\/web.gruene-zh.ch\/staefa\/blog\/allgemein\/wir-kandidieren-fuer-die-gemeindebehoerden#primaryimage\"},\"thumbnailUrl\":\"https:\/\/web.gruene-zh.ch\/staefa\/wp-content\/uploads\/sites\/48\/2026\/01\/Screenshot-2026-01-04-145838.png\",\"datePublished\":\"2026-01-04T19:05:33+00:00\",\"dateModified\":\"2026-01-04T19:19:30+00:00\",\"author\":{\"@id\":\"https:\/\/web.gruene-zh.ch\/staefa\/#\/schema\/person\/d0cd660c4c3374d33031d9b03abd8993\"},\"description\":\"F\u00fcr die Sozialbeh\u00f6rde und die Werkbeh\u00f6rde stellen wir uns auf.\",\"breadcrumb\":{\"@id\":\"https:\/\/web.gruene-zh.ch\/staefa\/blog\/allgemein\/wir-kandidieren-fuer-die-gemeindebehoerden#breadcrumb\"},\"inLanguage\":\"de\",\"potentialAction\":[{\"@type\":\"ReadAction\",\"target\":[\"https:\/\/web.gruene-zh.ch\/staefa\/blog\/allgemein\/wir-kandidieren-fuer-die-gemeindebehoerden\"]}]},{\"@type\":\"ImageObject\",\"inLanguage\":\"de\",\"@id\":\"https:\/\/web.gruene-zh.ch\/staefa\/blog\/allgemein\/wir-kandidieren-fuer-die-gemeindebehoerden#primaryimage\",\"url\":\"https:\/\/web.gruene-zh.ch\/staefa\/wp-content\/uploads\/sites\/48\/2026\/01\/Screenshot-2026-01-04-145838.png\",\"contentUrl\":\"https:\/\/web.gruene-zh.ch\/staefa\/wp-content\/uploads\/sites\/48\/2026\/01\/Screenshot-2026-01-04-145838.png\",\"width\":640,\"height\":713},{\"@type\":\"BreadcrumbList\",\"@id\":\"https:\/\/web.gruene-zh.ch\/staefa\/blog\/allgemein\/wir-kandidieren-fuer-die-gemeindebehoerden#breadcrumb\",\"itemListElement\":[{\"@type\":\"ListItem\",\"position\":1,\"name\":\"Startseite\",\"item\":\"https:\/\/web.gruene-zh.ch\/staefa\/\"},{\"@type\":\"ListItem\",\"position\":2,\"name\":\"Aktuell\",\"item\":\"https:\/\/web.gruene-zh.ch\/staefa\/#menu-item-544\"},{\"@type\":\"ListItem\",\"position\":3,\"name\":\"Agenda\",\"item\":\"https:\/\/web.gruene-zh.ch\/staefa?post_type=tribe_events&tribe_event_display=list\"},{\"@type\":\"ListItem\",\"position\":4,\"name\":\"Wir kandidieren f\u00fcr die Gemeindebeh\u00f6rden\"}]},{\"@type\":\"WebSite\",\"@id\":\"https:\/\/web.gruene-zh.ch\/staefa\/#website\",\"url\":\"https:\/\/web.gruene-zh.ch\/staefa\/\",\"name\":\"GR\u00dcNE St\u00e4fa\",\"description\":\"Ein Plus an Lebensqualit\u00e4t. \",\"potentialAction\":[{\"@type\":\"SearchAction\",\"target\":{\"@type\":\"EntryPoint\",\"urlTemplate\":\"https:\/\/web.gruene-zh.ch\/staefa\/?s={search_term_string}\"},\"query-input\":{\"@type\":\"PropertyValueSpecification\",\"valueRequired\":true,\"valueName\":\"search_term_string\"}}],\"inLanguage\":\"de\"},{\"@type\":\"Person\",\"@id\":\"https:\/\/web.gruene-zh.ch\/staefa\/#\/schema\/person\/d0cd660c4c3374d33031d9b03abd8993\",\"name\":\"fehlmannb\",\"image\":{\"@type\":\"ImageObject\",\"inLanguage\":\"de\",\"@id\":\"https:\/\/web.gruene-zh.ch\/staefa\/#\/schema\/person\/image\/\",\"url\":\"https:\/\/secure.gravatar.com\/avatar\/62d7c9cfa8b5a287af245b87c15f66fc33ed4a0ae2a1672d6c2a85fac6e732df?s=96&d=mm&r=g\",\"contentUrl\":\"https:\/\/secure.gravatar.com\/avatar\/62d7c9cfa8b5a287af245b87c15f66fc33ed4a0ae2a1672d6c2a85fac6e732df?s=96&d=mm&r=g\",\"caption\":\"fehlmannb\"}}]}<\/script>\n<!-- \/ Yoast SEO plugin. -->","yoast_head_json":{"title":"Wir kandidieren f\u00fcr die Gemeindebeh\u00f6rden - GR\u00dcNE St\u00e4fa","description":"F\u00fcr die Sozialbeh\u00f6rde und die Werkbeh\u00f6rde stellen wir uns auf.","robots":{"index":"index","follow":"follow","max-snippet":"max-snippet:-1","max-image-preview":"max-image-preview:large","max-video-preview":"max-video-preview:-1"},"canonical":"https:\/\/web.gruene-zh.ch\/staefa\/blog\/allgemein\/wir-kandidieren-fuer-die-gemeindebehoerden","og_locale":"de_DE","og_type":"article","og_title":"Wir kandidieren f\u00fcr die Gemeindebeh\u00f6rden - GR\u00dcNE St\u00e4fa","og_description":"F\u00fcr die Sozialbeh\u00f6rde und die Werkbeh\u00f6rde stellen wir uns auf.","og_url":"https:\/\/web.gruene-zh.ch\/staefa\/blog\/allgemein\/wir-kandidieren-fuer-die-gemeindebehoerden","og_site_name":"GR\u00dcNE St\u00e4fa","article_published_time":"2026-01-04T19:05:33+00:00","article_modified_time":"2026-01-04T19:19:30+00:00","og_image":[{"url":"https:\/\/web.gruene-zh.ch\/staefa\/wp-content\/uploads\/sites\/48\/2026\/01\/Screenshot-2026-01-04-145838.png","width":565,"height":630,"type":"image\/png"}],"author":"fehlmannb","twitter_card":"summary_large_image","twitter_misc":{"Verfasst von":"fehlmannb","Gesch\u00e4tzte Lesezeit":"1\u00a0Minute"},"schema":{"@context":"https:\/\/schema.org","@graph":[{"@type":"Article","@id":"https:\/\/web.gruene-zh.ch\/staefa\/blog\/allgemein\/wir-kandidieren-fuer-die-gemeindebehoerden#article","isPartOf":{"@id":"https:\/\/web.gruene-zh.ch\/staefa\/blog\/allgemein\/wir-kandidieren-fuer-die-gemeindebehoerden"},"author":{"name":"fehlmannb","@id":"https:\/\/web.gruene-zh.ch\/staefa\/#\/schema\/person\/d0cd660c4c3374d33031d9b03abd8993"},"headline":"Wir kandidieren f\u00fcr die Gemeindebeh\u00f6rden","datePublished":"2026-01-04T19:05:33+00:00","dateModified":"2026-01-04T19:19:30+00:00","mainEntityOfPage":{"@id":"https:\/\/web.gruene-zh.ch\/staefa\/blog\/allgemein\/wir-kandidieren-fuer-die-gemeindebehoerden"},"wordCount":7,"image":{"@id":"https:\/\/web.gruene-zh.ch\/staefa\/blog\/allgemein\/wir-kandidieren-fuer-die-gemeindebehoerden#primaryimage"},"thumbnailUrl":"https:\/\/web.gruene-zh.ch\/staefa\/wp-content\/uploads\/sites\/48\/2026\/01\/Screenshot-2026-01-04-145838.png","keywords":["Wahlen"],"inLanguage":"de"},{"@type":"WebPage","@id":"https:\/\/web.gruene-zh.ch\/staefa\/blog\/allgemein\/wir-kandidieren-fuer-die-gemeindebehoerden","url":"https:\/\/web.gruene-zh.ch\/staefa\/blog\/allgemein\/wir-kandidieren-fuer-die-gemeindebehoerden","name":"Wir kandidieren f\u00fcr die Gemeindebeh\u00f6rden - GR\u00dcNE St\u00e4fa","isPartOf":{"@id":"https:\/\/web.gruene-zh.ch\/staefa\/#website"},"primaryImageOfPage":{"@id":"https:\/\/web.gruene-zh.ch\/staefa\/blog\/allgemein\/wir-kandidieren-fuer-die-gemeindebehoerden#primaryimage"},"image":{"@id":"https:\/\/web.gruene-zh.ch\/staefa\/blog\/allgemein\/wir-kandidieren-fuer-die-gemeindebehoerden#primaryimage"},"thumbnailUrl":"https:\/\/web.gruene-zh.ch\/staefa\/wp-content\/uploads\/sites\/48\/2026\/01\/Screenshot-2026-01-04-145838.png","datePublished":"2026-01-04T19:05:33+00:00","dateModified":"2026-01-04T19:19:30+00:00","author":{"@id":"https:\/\/web.gruene-zh.ch\/staefa\/#\/schema\/person\/d0cd660c4c3374d33031d9b03abd8993"},"description":"F\u00fcr die Sozialbeh\u00f6rde und die Werkbeh\u00f6rde stellen wir uns auf.","breadcrumb":{"@id":"https:\/\/web.gruene-zh.ch\/staefa\/blog\/allgemein\/wir-kandidieren-fuer-die-gemeindebehoerden#breadcrumb"},"inLanguage":"de","potentialAction":[{"@type":"ReadAction","target":["https:\/\/web.gruene-zh.ch\/staefa\/blog\/allgemein\/wir-kandidieren-fuer-die-gemeindebehoerden"]}]},{"@type":"ImageObject","inLanguage":"de","@id":"https:\/\/web.gruene-zh.ch\/staefa\/blog\/allgemein\/wir-kandidieren-fuer-die-gemeindebehoerden#primaryimage","url":"https:\/\/web.gruene-zh.ch\/staefa\/wp-content\/uploads\/sites\/48\/2026\/01\/Screenshot-2026-01-04-145838.png","contentUrl":"https:\/\/web.gruene-zh.ch\/staefa\/wp-content\/uploads\/sites\/48\/2026\/01\/Screenshot-2026-01-04-145838.png","width":640,"height":713},{"@type":"BreadcrumbList","@id":"https:\/\/web.gruene-zh.ch\/staefa\/blog\/allgemein\/wir-kandidieren-fuer-die-gemeindebehoerden#breadcrumb","itemListElement":[{"@type":"ListItem","position":1,"name":"Startseite","item":"https:\/\/web.gruene-zh.ch\/staefa\/"},{"@type":"ListItem","position":2,"name":"Aktuell","item":"https:\/\/web.gruene-zh.ch\/staefa\/#menu-item-544"},{"@type":"ListItem","position":3,"name":"Agenda","item":"https:\/\/web.gruene-zh.ch\/staefa?post_type=tribe_events&tribe_event_display=list"},{"@type":"ListItem","position":4,"name":"Wir kandidieren f\u00fcr die Gemeindebeh\u00f6rden"}]},{"@type":"WebSite","@id":"https:\/\/web.gruene-zh.ch\/staefa\/#website","url":"https:\/\/web.gruene-zh.ch\/staefa\/","name":"GR\u00dcNE St\u00e4fa","description":"Ein Plus an Lebensqualit\u00e4t. ","potentialAction":[{"@type":"SearchAction","target":{"@type":"EntryPoint","urlTemplate":"https:\/\/web.gruene-zh.ch\/staefa\/?s={search_term_string}"},"query-input":{"@type":"PropertyValueSpecification","valueRequired":true,"valueName":"search_term_string"}}],"inLanguage":"de"},{"@type":"Person","@id":"https:\/\/web.gruene-zh.ch\/staefa\/#\/schema\/person\/d0cd660c4c3374d33031d9b03abd8993","name":"fehlmannb","image":{"@type":"ImageObject","inLanguage":"de","@id":"https:\/\/web.gruene-zh.ch\/staefa\/#\/schema\/person\/image\/","url":"https:\/\/secure.gravatar.com\/avatar\/62d7c9cfa8b5a287af245b87c15f66fc33ed4a0ae2a1672d6c2a85fac6e732df?s=96&d=mm&r=g","contentUrl":"https:\/\/secure.gravatar.com\/avatar\/62d7c9cfa8b5a287af245b87c15f66fc33ed4a0ae2a1672d6c2a85fac6e732df?s=96&d=mm&r=g","caption":"fehlmannb"}}]}},"_links":{"self":[{"href":"https:\/\/web.gruene-zh.ch\/staefa\/wp-json\/wp\/v2\/posts\/1161","targetHints":{"allow":["GET"]}}],"collection":[{"href":"https:\/\/web.gruene-zh.ch\/staefa\/wp-json\/wp\/v2\/posts"}],"about":[{"href":"https:\/\/web.gruene-zh.ch\/staefa\/wp-json\/wp\/v2\/types\/post"}],"author":[{"embeddable":true,"href":"https:\/\/web.gruene-zh.ch\/staefa\/wp-json\/wp\/v2\/users\/47"}],"replies":[{"embeddable":true,"href":"https:\/\/web.gruene-zh.ch\/staefa\/wp-json\/wp\/v2\/comments?post=1161"}],"version-history":[{"count":4,"href":"https:\/\/web.gruene-zh.ch\/staefa\/wp-json\/wp\/v2\/posts\/1161\/revisions"}],"predecessor-version":[{"id":1166,"href":"https:\/\/web.gruene-zh.ch\/staefa\/wp-json\/wp\/v2\/posts\/1161\/revisions\/1166"}],"wp:featuredmedia":[{"embeddable":true,"href":"https:\/\/web.gruene-zh.ch\/staefa\/wp-json\/wp\/v2\/media\/1121"}],"wp:attachment":[{"href":"https:\/\/web.gruene-zh.ch\/staefa\/wp-json\/wp\/v2\/media?parent=1161"}],"wp:term":[{"taxonomy":"category","embeddable":true,"href":"https:\/\/web.gruene-zh.ch\/staefa\/wp-json\/wp\/v2\/categories?post=1161"},{"taxonomy":"post_tag","embeddable":true,"href":"https:\/\/web.gruene-zh.ch\/staefa\/wp-json\/wp\/v2\/tags?post=1161"}],"curies":[{"name":"wp","href":"https:\/\/api.w.org\/{rel}","templated":true}]}}