{"id":1890,"date":"2025-06-17T21:55:29","date_gmt":"2025-06-17T19:55:29","guid":{"rendered":"https:\/\/web.gruene-zh.ch\/buelach\/?p=1890"},"modified":"2025-06-17T22:55:56","modified_gmt":"2025-06-17T20:55:56","slug":"18-mai-2025-nein-zur-senkung-der-unternehmenssteuer","status":"publish","type":"post","link":"https:\/\/web.gruene-zh.ch\/buelach\/blog\/abstimmungsempfehlungen\/18-mai-2025-nein-zur-senkung-der-unternehmenssteuer","title":{"rendered":"18. Mai 2025: Nein zur Senkung der Unternehmenssteuer"},"content":{"rendered":"","protected":false},"excerpt":{"rendered":"","protected":false},"author":16,"featured_media":0,"comment_status":"closed","ping_status":"closed","sticky":false,"template":"","format":"standard","meta":{"_acf_changed":false,"inline_featured_image":false,"footnotes":""},"categories":[36],"tags":[],"class_list":["post-1890","post","type-post","status-publish","format-standard","hentry","category-abstimmungsempfehlungen"],"acf":[],"yoast_head":"<!-- This site is optimized with the Yoast SEO plugin v26.9 - https:\/\/yoast.com\/product\/yoast-seo-wordpress\/ -->\n<title>18. Mai 2025: Nein zur Senkung der Unternehmenssteuer - GR\u00dcNE B\u00fclach<\/title>\n<meta name=\"description\" content=\"Unsere Parolen f\u00fcr die Abstimmungen vom 18. Mai 2025 Nein zur Senkung der Unternehmenssteuer\" \/>\n<meta name=\"robots\" content=\"index, follow, max-snippet:-1, max-image-preview:large, max-video-preview:-1\" \/>\n<link rel=\"canonical\" href=\"https:\/\/web.gruene-zh.ch\/buelach\/blog\/abstimmungsempfehlungen\/18-mai-2025-nein-zur-senkung-der-unternehmenssteuer\" \/>\n<meta property=\"og:locale\" content=\"de_DE\" \/>\n<meta property=\"og:type\" content=\"article\" \/>\n<meta property=\"og:title\" content=\"18. Mai 2025: Nein zur Senkung der Unternehmenssteuer - GR\u00dcNE B\u00fclach\" \/>\n<meta property=\"og:description\" content=\"Unsere Parolen f\u00fcr die Abstimmungen vom 18. Mai 2025 Nein zur Senkung der Unternehmenssteuer\" \/>\n<meta property=\"og:url\" content=\"https:\/\/web.gruene-zh.ch\/buelach\/blog\/abstimmungsempfehlungen\/18-mai-2025-nein-zur-senkung-der-unternehmenssteuer\" \/>\n<meta property=\"og:site_name\" content=\"GR\u00dcNE B\u00fclach\" \/>\n<meta property=\"article:published_time\" content=\"2025-06-17T19:55:29+00:00\" \/>\n<meta property=\"article:modified_time\" content=\"2025-06-17T20:55:56+00:00\" \/>\n<meta name=\"author\" content=\"andreasscheuss\" \/>\n<meta name=\"twitter:card\" content=\"summary_large_image\" \/>\n<meta name=\"twitter:label1\" content=\"Verfasst von\" \/>\n\t<meta name=\"twitter:data1\" content=\"andreasscheuss\" \/>\n\t<meta name=\"twitter:label2\" content=\"Gesch\u00e4tzte Lesezeit\" \/>\n\t<meta name=\"twitter:data2\" content=\"1\u00a0Minute\" \/>\n<script type=\"application\/ld+json\" class=\"yoast-schema-graph\">{\"@context\":\"https:\/\/schema.org\",\"@graph\":[{\"@type\":\"Article\",\"@id\":\"https:\/\/web.gruene-zh.ch\/buelach\/blog\/abstimmungsempfehlungen\/18-mai-2025-nein-zur-senkung-der-unternehmenssteuer#article\",\"isPartOf\":{\"@id\":\"https:\/\/web.gruene-zh.ch\/buelach\/blog\/abstimmungsempfehlungen\/18-mai-2025-nein-zur-senkung-der-unternehmenssteuer\"},\"author\":{\"name\":\"andreasscheuss\",\"@id\":\"https:\/\/web.gruene-zh.ch\/buelach\/#\/schema\/person\/efd3f5348162116b160af706ab301ffe\"},\"headline\":\"18. Mai 2025: Nein zur Senkung der Unternehmenssteuer\",\"datePublished\":\"2025-06-17T19:55:29+00:00\",\"dateModified\":\"2025-06-17T20:55:56+00:00\",\"mainEntityOfPage\":{\"@id\":\"https:\/\/web.gruene-zh.ch\/buelach\/blog\/abstimmungsempfehlungen\/18-mai-2025-nein-zur-senkung-der-unternehmenssteuer\"},\"wordCount\":6,\"articleSection\":[\"Abstimmungsempfehlungen\"],\"inLanguage\":\"de\"},{\"@type\":\"WebPage\",\"@id\":\"https:\/\/web.gruene-zh.ch\/buelach\/blog\/abstimmungsempfehlungen\/18-mai-2025-nein-zur-senkung-der-unternehmenssteuer\",\"url\":\"https:\/\/web.gruene-zh.ch\/buelach\/blog\/abstimmungsempfehlungen\/18-mai-2025-nein-zur-senkung-der-unternehmenssteuer\",\"name\":\"18. Mai 2025: Nein zur Senkung der Unternehmenssteuer - GR\u00dcNE B\u00fclach\",\"isPartOf\":{\"@id\":\"https:\/\/web.gruene-zh.ch\/buelach\/#website\"},\"datePublished\":\"2025-06-17T19:55:29+00:00\",\"dateModified\":\"2025-06-17T20:55:56+00:00\",\"author\":{\"@id\":\"https:\/\/web.gruene-zh.ch\/buelach\/#\/schema\/person\/efd3f5348162116b160af706ab301ffe\"},\"description\":\"Unsere Parolen f\u00fcr die Abstimmungen vom 18. Mai 2025 Nein zur Senkung der Unternehmenssteuer\",\"breadcrumb\":{\"@id\":\"https:\/\/web.gruene-zh.ch\/buelach\/blog\/abstimmungsempfehlungen\/18-mai-2025-nein-zur-senkung-der-unternehmenssteuer#breadcrumb\"},\"inLanguage\":\"de\",\"potentialAction\":[{\"@type\":\"ReadAction\",\"target\":[\"https:\/\/web.gruene-zh.ch\/buelach\/blog\/abstimmungsempfehlungen\/18-mai-2025-nein-zur-senkung-der-unternehmenssteuer\"]}]},{\"@type\":\"BreadcrumbList\",\"@id\":\"https:\/\/web.gruene-zh.ch\/buelach\/blog\/abstimmungsempfehlungen\/18-mai-2025-nein-zur-senkung-der-unternehmenssteuer#breadcrumb\",\"itemListElement\":[{\"@type\":\"ListItem\",\"position\":1,\"name\":\"Startseite\",\"item\":\"https:\/\/web.gruene-zh.ch\/buelach\/\"},{\"@type\":\"ListItem\",\"position\":2,\"name\":\"Themen\",\"item\":\"https:\/\/web.gruene-zh.ch\/buelach\/themen#menu-item-1598\"},{\"@type\":\"ListItem\",\"position\":3,\"name\":\"Abstimmungsempfehlungen\",\"item\":\"https:\/\/web.gruene-zh.ch\/buelach\/blog\/category\/abstimmungsempfehlungen\"},{\"@type\":\"ListItem\",\"position\":4,\"name\":\"18. Mai 2025: Nein zur Senkung der Unternehmenssteuer\"}]},{\"@type\":\"WebSite\",\"@id\":\"https:\/\/web.gruene-zh.ch\/buelach\/#website\",\"url\":\"https:\/\/web.gruene-zh.ch\/buelach\/\",\"name\":\"GR\u00dcNE B\u00fclach\",\"description\":\"Wir gestalten eine nachhaltige Zukunft\",\"potentialAction\":[{\"@type\":\"SearchAction\",\"target\":{\"@type\":\"EntryPoint\",\"urlTemplate\":\"https:\/\/web.gruene-zh.ch\/buelach\/?s={search_term_string}\"},\"query-input\":{\"@type\":\"PropertyValueSpecification\",\"valueRequired\":true,\"valueName\":\"search_term_string\"}}],\"inLanguage\":\"de\"},{\"@type\":\"Person\",\"@id\":\"https:\/\/web.gruene-zh.ch\/buelach\/#\/schema\/person\/efd3f5348162116b160af706ab301ffe\",\"name\":\"andreasscheuss\",\"image\":{\"@type\":\"ImageObject\",\"inLanguage\":\"de\",\"@id\":\"https:\/\/web.gruene-zh.ch\/buelach\/#\/schema\/person\/image\/\",\"url\":\"https:\/\/secure.gravatar.com\/avatar\/952d23475b2d38ce73cb879369cc8690cfae3d82dfb48b8ddf9794fa4d3337b4?s=96&d=mm&r=g\",\"contentUrl\":\"https:\/\/secure.gravatar.com\/avatar\/952d23475b2d38ce73cb879369cc8690cfae3d82dfb48b8ddf9794fa4d3337b4?s=96&d=mm&r=g\",\"caption\":\"andreasscheuss\"}}]}<\/script>\n<!-- \/ Yoast SEO plugin. -->","yoast_head_json":{"title":"18. Mai 2025: Nein zur Senkung der Unternehmenssteuer - GR\u00dcNE B\u00fclach","description":"Unsere Parolen f\u00fcr die Abstimmungen vom 18. Mai 2025 Nein zur Senkung der Unternehmenssteuer","robots":{"index":"index","follow":"follow","max-snippet":"max-snippet:-1","max-image-preview":"max-image-preview:large","max-video-preview":"max-video-preview:-1"},"canonical":"https:\/\/web.gruene-zh.ch\/buelach\/blog\/abstimmungsempfehlungen\/18-mai-2025-nein-zur-senkung-der-unternehmenssteuer","og_locale":"de_DE","og_type":"article","og_title":"18. Mai 2025: Nein zur Senkung der Unternehmenssteuer - GR\u00dcNE B\u00fclach","og_description":"Unsere Parolen f\u00fcr die Abstimmungen vom 18. Mai 2025 Nein zur Senkung der Unternehmenssteuer","og_url":"https:\/\/web.gruene-zh.ch\/buelach\/blog\/abstimmungsempfehlungen\/18-mai-2025-nein-zur-senkung-der-unternehmenssteuer","og_site_name":"GR\u00dcNE B\u00fclach","article_published_time":"2025-06-17T19:55:29+00:00","article_modified_time":"2025-06-17T20:55:56+00:00","author":"andreasscheuss","twitter_card":"summary_large_image","twitter_misc":{"Verfasst von":"andreasscheuss","Gesch\u00e4tzte Lesezeit":"1\u00a0Minute"},"schema":{"@context":"https:\/\/schema.org","@graph":[{"@type":"Article","@id":"https:\/\/web.gruene-zh.ch\/buelach\/blog\/abstimmungsempfehlungen\/18-mai-2025-nein-zur-senkung-der-unternehmenssteuer#article","isPartOf":{"@id":"https:\/\/web.gruene-zh.ch\/buelach\/blog\/abstimmungsempfehlungen\/18-mai-2025-nein-zur-senkung-der-unternehmenssteuer"},"author":{"name":"andreasscheuss","@id":"https:\/\/web.gruene-zh.ch\/buelach\/#\/schema\/person\/efd3f5348162116b160af706ab301ffe"},"headline":"18. Mai 2025: Nein zur Senkung der Unternehmenssteuer","datePublished":"2025-06-17T19:55:29+00:00","dateModified":"2025-06-17T20:55:56+00:00","mainEntityOfPage":{"@id":"https:\/\/web.gruene-zh.ch\/buelach\/blog\/abstimmungsempfehlungen\/18-mai-2025-nein-zur-senkung-der-unternehmenssteuer"},"wordCount":6,"articleSection":["Abstimmungsempfehlungen"],"inLanguage":"de"},{"@type":"WebPage","@id":"https:\/\/web.gruene-zh.ch\/buelach\/blog\/abstimmungsempfehlungen\/18-mai-2025-nein-zur-senkung-der-unternehmenssteuer","url":"https:\/\/web.gruene-zh.ch\/buelach\/blog\/abstimmungsempfehlungen\/18-mai-2025-nein-zur-senkung-der-unternehmenssteuer","name":"18. Mai 2025: Nein zur Senkung der Unternehmenssteuer - GR\u00dcNE B\u00fclach","isPartOf":{"@id":"https:\/\/web.gruene-zh.ch\/buelach\/#website"},"datePublished":"2025-06-17T19:55:29+00:00","dateModified":"2025-06-17T20:55:56+00:00","author":{"@id":"https:\/\/web.gruene-zh.ch\/buelach\/#\/schema\/person\/efd3f5348162116b160af706ab301ffe"},"description":"Unsere Parolen f\u00fcr die Abstimmungen vom 18. Mai 2025 Nein zur Senkung der Unternehmenssteuer","breadcrumb":{"@id":"https:\/\/web.gruene-zh.ch\/buelach\/blog\/abstimmungsempfehlungen\/18-mai-2025-nein-zur-senkung-der-unternehmenssteuer#breadcrumb"},"inLanguage":"de","potentialAction":[{"@type":"ReadAction","target":["https:\/\/web.gruene-zh.ch\/buelach\/blog\/abstimmungsempfehlungen\/18-mai-2025-nein-zur-senkung-der-unternehmenssteuer"]}]},{"@type":"BreadcrumbList","@id":"https:\/\/web.gruene-zh.ch\/buelach\/blog\/abstimmungsempfehlungen\/18-mai-2025-nein-zur-senkung-der-unternehmenssteuer#breadcrumb","itemListElement":[{"@type":"ListItem","position":1,"name":"Startseite","item":"https:\/\/web.gruene-zh.ch\/buelach\/"},{"@type":"ListItem","position":2,"name":"Themen","item":"https:\/\/web.gruene-zh.ch\/buelach\/themen#menu-item-1598"},{"@type":"ListItem","position":3,"name":"Abstimmungsempfehlungen","item":"https:\/\/web.gruene-zh.ch\/buelach\/blog\/category\/abstimmungsempfehlungen"},{"@type":"ListItem","position":4,"name":"18. Mai 2025: Nein zur Senkung der Unternehmenssteuer"}]},{"@type":"WebSite","@id":"https:\/\/web.gruene-zh.ch\/buelach\/#website","url":"https:\/\/web.gruene-zh.ch\/buelach\/","name":"GR\u00dcNE B\u00fclach","description":"Wir gestalten eine nachhaltige Zukunft","potentialAction":[{"@type":"SearchAction","target":{"@type":"EntryPoint","urlTemplate":"https:\/\/web.gruene-zh.ch\/buelach\/?s={search_term_string}"},"query-input":{"@type":"PropertyValueSpecification","valueRequired":true,"valueName":"search_term_string"}}],"inLanguage":"de"},{"@type":"Person","@id":"https:\/\/web.gruene-zh.ch\/buelach\/#\/schema\/person\/efd3f5348162116b160af706ab301ffe","name":"andreasscheuss","image":{"@type":"ImageObject","inLanguage":"de","@id":"https:\/\/web.gruene-zh.ch\/buelach\/#\/schema\/person\/image\/","url":"https:\/\/secure.gravatar.com\/avatar\/952d23475b2d38ce73cb879369cc8690cfae3d82dfb48b8ddf9794fa4d3337b4?s=96&d=mm&r=g","contentUrl":"https:\/\/secure.gravatar.com\/avatar\/952d23475b2d38ce73cb879369cc8690cfae3d82dfb48b8ddf9794fa4d3337b4?s=96&d=mm&r=g","caption":"andreasscheuss"}}]}},"_links":{"self":[{"href":"https:\/\/web.gruene-zh.ch\/buelach\/wp-json\/wp\/v2\/posts\/1890","targetHints":{"allow":["GET"]}}],"collection":[{"href":"https:\/\/web.gruene-zh.ch\/buelach\/wp-json\/wp\/v2\/posts"}],"about":[{"href":"https:\/\/web.gruene-zh.ch\/buelach\/wp-json\/wp\/v2\/types\/post"}],"author":[{"embeddable":true,"href":"https:\/\/web.gruene-zh.ch\/buelach\/wp-json\/wp\/v2\/users\/16"}],"replies":[{"embeddable":true,"href":"https:\/\/web.gruene-zh.ch\/buelach\/wp-json\/wp\/v2\/comments?post=1890"}],"version-history":[{"count":1,"href":"https:\/\/web.gruene-zh.ch\/buelach\/wp-json\/wp\/v2\/posts\/1890\/revisions"}],"predecessor-version":[{"id":1891,"href":"https:\/\/web.gruene-zh.ch\/buelach\/wp-json\/wp\/v2\/posts\/1890\/revisions\/1891"}],"wp:attachment":[{"href":"https:\/\/web.gruene-zh.ch\/buelach\/wp-json\/wp\/v2\/media?parent=1890"}],"wp:term":[{"taxonomy":"category","embeddable":true,"href":"https:\/\/web.gruene-zh.ch\/buelach\/wp-json\/wp\/v2\/categories?post=1890"},{"taxonomy":"post_tag","embeddable":true,"href":"https:\/\/web.gruene-zh.ch\/buelach\/wp-json\/wp\/v2\/tags?post=1890"}],"curies":[{"name":"wp","href":"https:\/\/api.w.org\/{rel}","templated":true}]}}