{"id":1792,"date":"2025-06-06T17:45:58","date_gmt":"2025-06-06T15:45:58","guid":{"rendered":"https:\/\/web.gruene-zh.ch\/buelach\/?p=1792"},"modified":"2025-07-07T12:04:37","modified_gmt":"2025-07-07T10:04:37","slug":"migration-teilhabe-statt-ausschluss","status":"publish","type":"post","link":"https:\/\/web.gruene-zh.ch\/buelach\/blog\/positionen\/migration-teilhabe-statt-ausschluss","title":{"rendered":"Migration: Teilhabe statt Ausschluss"},"content":{"rendered":"","protected":false},"excerpt":{"rendered":"","protected":false},"author":22,"featured_media":2064,"comment_status":"closed","ping_status":"closed","sticky":false,"template":"","format":"standard","meta":{"_acf_changed":false,"inline_featured_image":false,"footnotes":""},"categories":[30],"tags":[],"class_list":["post-1792","post","type-post","status-publish","format-standard","has-post-thumbnail","hentry","category-positionen"],"acf":[],"yoast_head":"<!-- This site is optimized with the Yoast SEO plugin v26.9 - https:\/\/yoast.com\/product\/yoast-seo-wordpress\/ -->\n<title>Migration: Teilhabe statt Ausschluss - GR\u00dcNE B\u00fclach<\/title>\n<meta name=\"description\" content=\"In unserem Alltag leben Menschen aus einer Vielzahl von Kulturen und mit verschiedensten Lebensgeschichten zusammen. Die Schweiz legt Migrant:innen oft viele Steine in den Weg: keine politischen Rechte, unsichere Aufenthaltstitel und eine soziale Absicherung weit unter dem Existenzminimum. Wir GR\u00dcNE unterst\u00fctzen insbesondere das Erlernen der Sprache und die schnelle Aufnahme von Arbeit oder Ausbildung als zentrale Elemente der Teilhabe. Die Stadt B\u00fclach muss die Organisationen, die sich f\u00fcr eine schnelle Integration einsetzen, besser unterst\u00fctzen,\" \/>\n<meta name=\"robots\" content=\"index, follow, max-snippet:-1, max-image-preview:large, max-video-preview:-1\" \/>\n<link rel=\"canonical\" href=\"https:\/\/web.gruene-zh.ch\/buelach\/blog\/positionen\/migration-teilhabe-statt-ausschluss\" \/>\n<meta property=\"og:locale\" content=\"de_DE\" \/>\n<meta property=\"og:type\" content=\"article\" \/>\n<meta property=\"og:title\" content=\"Migration: Teilhabe statt Ausschluss - GR\u00dcNE B\u00fclach\" \/>\n<meta property=\"og:description\" content=\"In unserem Alltag leben Menschen aus einer Vielzahl von Kulturen und mit verschiedensten Lebensgeschichten zusammen. Die Schweiz legt \u2026\" \/>\n<meta property=\"og:url\" content=\"https:\/\/web.gruene-zh.ch\/buelach\/blog\/positionen\/migration-teilhabe-statt-ausschluss\" \/>\n<meta property=\"og:site_name\" content=\"GR\u00dcNE B\u00fclach\" \/>\n<meta property=\"article:published_time\" content=\"2025-06-06T15:45:58+00:00\" \/>\n<meta property=\"article:modified_time\" content=\"2025-07-07T10:04:37+00:00\" \/>\n<meta property=\"og:image\" content=\"https:\/\/web.gruene-zh.ch\/buelach\/wp-content\/uploads\/sites\/7\/2025\/06\/13_Migration-und-Flucht-1-1200x630-c-center.jpg\" \/>\n\t<meta property=\"og:image:width\" content=\"1200\" \/>\n\t<meta property=\"og:image:height\" content=\"630\" \/>\n\t<meta property=\"og:image:type\" content=\"image\/jpeg\" \/>\n<meta name=\"author\" content=\"davidgaleuchet\" \/>\n<meta name=\"twitter:card\" content=\"summary_large_image\" \/>\n<meta name=\"twitter:label1\" content=\"Verfasst von\" \/>\n\t<meta name=\"twitter:data1\" content=\"davidgaleuchet\" \/>\n\t<meta name=\"twitter:label2\" content=\"Gesch\u00e4tzte Lesezeit\" \/>\n\t<meta name=\"twitter:data2\" content=\"2\u00a0Minuten\" \/>\n<script type=\"application\/ld+json\" class=\"yoast-schema-graph\">{\"@context\":\"https:\/\/schema.org\",\"@graph\":[{\"@type\":\"Article\",\"@id\":\"https:\/\/web.gruene-zh.ch\/buelach\/blog\/positionen\/migration-teilhabe-statt-ausschluss#article\",\"isPartOf\":{\"@id\":\"https:\/\/web.gruene-zh.ch\/buelach\/blog\/positionen\/migration-teilhabe-statt-ausschluss\"},\"author\":{\"name\":\"davidgaleuchet\",\"@id\":\"https:\/\/web.gruene-zh.ch\/buelach\/#\/schema\/person\/e727ff1f84a08154b96c09a783824402\"},\"headline\":\"Migration: Teilhabe statt Ausschluss\",\"datePublished\":\"2025-06-06T15:45:58+00:00\",\"dateModified\":\"2025-07-07T10:04:37+00:00\",\"mainEntityOfPage\":{\"@id\":\"https:\/\/web.gruene-zh.ch\/buelach\/blog\/positionen\/migration-teilhabe-statt-ausschluss\"},\"wordCount\":4,\"image\":{\"@id\":\"https:\/\/web.gruene-zh.ch\/buelach\/blog\/positionen\/migration-teilhabe-statt-ausschluss#primaryimage\"},\"thumbnailUrl\":\"https:\/\/web.gruene-zh.ch\/buelach\/wp-content\/uploads\/sites\/7\/2025\/06\/13_Migration-und-Flucht-1-2560x0-c-default.jpg\",\"articleSection\":[\"Positionen\"],\"inLanguage\":\"de\"},{\"@type\":\"WebPage\",\"@id\":\"https:\/\/web.gruene-zh.ch\/buelach\/blog\/positionen\/migration-teilhabe-statt-ausschluss\",\"url\":\"https:\/\/web.gruene-zh.ch\/buelach\/blog\/positionen\/migration-teilhabe-statt-ausschluss\",\"name\":\"Migration: Teilhabe statt Ausschluss - GR\u00dcNE B\u00fclach\",\"isPartOf\":{\"@id\":\"https:\/\/web.gruene-zh.ch\/buelach\/#website\"},\"primaryImageOfPage\":{\"@id\":\"https:\/\/web.gruene-zh.ch\/buelach\/blog\/positionen\/migration-teilhabe-statt-ausschluss#primaryimage\"},\"image\":{\"@id\":\"https:\/\/web.gruene-zh.ch\/buelach\/blog\/positionen\/migration-teilhabe-statt-ausschluss#primaryimage\"},\"thumbnailUrl\":\"https:\/\/web.gruene-zh.ch\/buelach\/wp-content\/uploads\/sites\/7\/2025\/06\/13_Migration-und-Flucht-1-2560x0-c-default.jpg\",\"datePublished\":\"2025-06-06T15:45:58+00:00\",\"dateModified\":\"2025-07-07T10:04:37+00:00\",\"author\":{\"@id\":\"https:\/\/web.gruene-zh.ch\/buelach\/#\/schema\/person\/e727ff1f84a08154b96c09a783824402\"},\"description\":\"In unserem Alltag leben Menschen aus einer Vielzahl von Kulturen und mit verschiedensten Lebensgeschichten zusammen. Die Schweiz legt Migrant:innen oft viele Steine in den Weg: keine politischen Rechte, unsichere Aufenthaltstitel und eine soziale Absicherung weit unter dem Existenzminimum. Wir GR\u00dcNE unterst\u00fctzen insbesondere das Erlernen der Sprache und die schnelle Aufnahme von Arbeit oder Ausbildung als zentrale Elemente der Teilhabe. Die Stadt B\u00fclach muss die Organisationen, die sich f\u00fcr eine schnelle Integration einsetzen, besser unterst\u00fctzen,\",\"breadcrumb\":{\"@id\":\"https:\/\/web.gruene-zh.ch\/buelach\/blog\/positionen\/migration-teilhabe-statt-ausschluss#breadcrumb\"},\"inLanguage\":\"de\",\"potentialAction\":[{\"@type\":\"ReadAction\",\"target\":[\"https:\/\/web.gruene-zh.ch\/buelach\/blog\/positionen\/migration-teilhabe-statt-ausschluss\"]}]},{\"@type\":\"ImageObject\",\"inLanguage\":\"de\",\"@id\":\"https:\/\/web.gruene-zh.ch\/buelach\/blog\/positionen\/migration-teilhabe-statt-ausschluss#primaryimage\",\"url\":\"https:\/\/web.gruene-zh.ch\/buelach\/wp-content\/uploads\/sites\/7\/2025\/06\/13_Migration-und-Flucht-1-2560x0-c-default.jpg\",\"contentUrl\":\"https:\/\/web.gruene-zh.ch\/buelach\/wp-content\/uploads\/sites\/7\/2025\/06\/13_Migration-und-Flucht-1-2560x0-c-default.jpg\",\"width\":1920,\"height\":600},{\"@type\":\"BreadcrumbList\",\"@id\":\"https:\/\/web.gruene-zh.ch\/buelach\/blog\/positionen\/migration-teilhabe-statt-ausschluss#breadcrumb\",\"itemListElement\":[{\"@type\":\"ListItem\",\"position\":1,\"name\":\"Startseite\",\"item\":\"https:\/\/web.gruene-zh.ch\/buelach\/\"},{\"@type\":\"ListItem\",\"position\":2,\"name\":\"\u00dcber uns\",\"item\":\"https:\/\/web.gruene-zh.ch\/buelach\/ueber-uns#menu-item-1599\"},{\"@type\":\"ListItem\",\"position\":3,\"name\":\"Positionen\",\"item\":\"https:\/\/web.gruene-zh.ch\/buelach\/blog\/category\/positionen\"},{\"@type\":\"ListItem\",\"position\":4,\"name\":\"Migration: Teilhabe statt Ausschluss\"}]},{\"@type\":\"WebSite\",\"@id\":\"https:\/\/web.gruene-zh.ch\/buelach\/#website\",\"url\":\"https:\/\/web.gruene-zh.ch\/buelach\/\",\"name\":\"GR\u00dcNE B\u00fclach\",\"description\":\"Wir gestalten eine nachhaltige Zukunft\",\"potentialAction\":[{\"@type\":\"SearchAction\",\"target\":{\"@type\":\"EntryPoint\",\"urlTemplate\":\"https:\/\/web.gruene-zh.ch\/buelach\/?s={search_term_string}\"},\"query-input\":{\"@type\":\"PropertyValueSpecification\",\"valueRequired\":true,\"valueName\":\"search_term_string\"}}],\"inLanguage\":\"de\"},{\"@type\":\"Person\",\"@id\":\"https:\/\/web.gruene-zh.ch\/buelach\/#\/schema\/person\/e727ff1f84a08154b96c09a783824402\",\"name\":\"davidgaleuchet\",\"image\":{\"@type\":\"ImageObject\",\"inLanguage\":\"de\",\"@id\":\"https:\/\/web.gruene-zh.ch\/buelach\/#\/schema\/person\/image\/\",\"url\":\"https:\/\/secure.gravatar.com\/avatar\/957547767dfb90e987c36e9a1daa116ca35880d82f78645211ab8633b9fc5039?s=96&d=mm&r=g\",\"contentUrl\":\"https:\/\/secure.gravatar.com\/avatar\/957547767dfb90e987c36e9a1daa116ca35880d82f78645211ab8633b9fc5039?s=96&d=mm&r=g\",\"caption\":\"davidgaleuchet\"}}]}<\/script>\n<!-- \/ Yoast SEO plugin. -->","yoast_head_json":{"title":"Migration: Teilhabe statt Ausschluss - GR\u00dcNE B\u00fclach","description":"In unserem Alltag leben Menschen aus einer Vielzahl von Kulturen und mit verschiedensten Lebensgeschichten zusammen. Die Schweiz legt Migrant:innen oft viele Steine in den Weg: keine politischen Rechte, unsichere Aufenthaltstitel und eine soziale Absicherung weit unter dem Existenzminimum. Wir GR\u00dcNE unterst\u00fctzen insbesondere das Erlernen der Sprache und die schnelle Aufnahme von Arbeit oder Ausbildung als zentrale Elemente der Teilhabe. Die Stadt B\u00fclach muss die Organisationen, die sich f\u00fcr eine schnelle Integration einsetzen, besser unterst\u00fctzen,","robots":{"index":"index","follow":"follow","max-snippet":"max-snippet:-1","max-image-preview":"max-image-preview:large","max-video-preview":"max-video-preview:-1"},"canonical":"https:\/\/web.gruene-zh.ch\/buelach\/blog\/positionen\/migration-teilhabe-statt-ausschluss","og_locale":"de_DE","og_type":"article","og_title":"Migration: Teilhabe statt Ausschluss - GR\u00dcNE B\u00fclach","og_description":"In unserem Alltag leben Menschen aus einer Vielzahl von Kulturen und mit verschiedensten Lebensgeschichten zusammen. Die Schweiz legt \u2026","og_url":"https:\/\/web.gruene-zh.ch\/buelach\/blog\/positionen\/migration-teilhabe-statt-ausschluss","og_site_name":"GR\u00dcNE B\u00fclach","article_published_time":"2025-06-06T15:45:58+00:00","article_modified_time":"2025-07-07T10:04:37+00:00","og_image":[{"width":1200,"height":630,"url":"https:\/\/web.gruene-zh.ch\/buelach\/wp-content\/uploads\/sites\/7\/2025\/06\/13_Migration-und-Flucht-1-1200x630-c-center.jpg","type":"image\/jpeg"}],"author":"davidgaleuchet","twitter_card":"summary_large_image","twitter_misc":{"Verfasst von":"davidgaleuchet","Gesch\u00e4tzte Lesezeit":"2\u00a0Minuten"},"schema":{"@context":"https:\/\/schema.org","@graph":[{"@type":"Article","@id":"https:\/\/web.gruene-zh.ch\/buelach\/blog\/positionen\/migration-teilhabe-statt-ausschluss#article","isPartOf":{"@id":"https:\/\/web.gruene-zh.ch\/buelach\/blog\/positionen\/migration-teilhabe-statt-ausschluss"},"author":{"name":"davidgaleuchet","@id":"https:\/\/web.gruene-zh.ch\/buelach\/#\/schema\/person\/e727ff1f84a08154b96c09a783824402"},"headline":"Migration: Teilhabe statt Ausschluss","datePublished":"2025-06-06T15:45:58+00:00","dateModified":"2025-07-07T10:04:37+00:00","mainEntityOfPage":{"@id":"https:\/\/web.gruene-zh.ch\/buelach\/blog\/positionen\/migration-teilhabe-statt-ausschluss"},"wordCount":4,"image":{"@id":"https:\/\/web.gruene-zh.ch\/buelach\/blog\/positionen\/migration-teilhabe-statt-ausschluss#primaryimage"},"thumbnailUrl":"https:\/\/web.gruene-zh.ch\/buelach\/wp-content\/uploads\/sites\/7\/2025\/06\/13_Migration-und-Flucht-1-2560x0-c-default.jpg","articleSection":["Positionen"],"inLanguage":"de"},{"@type":"WebPage","@id":"https:\/\/web.gruene-zh.ch\/buelach\/blog\/positionen\/migration-teilhabe-statt-ausschluss","url":"https:\/\/web.gruene-zh.ch\/buelach\/blog\/positionen\/migration-teilhabe-statt-ausschluss","name":"Migration: Teilhabe statt Ausschluss - GR\u00dcNE B\u00fclach","isPartOf":{"@id":"https:\/\/web.gruene-zh.ch\/buelach\/#website"},"primaryImageOfPage":{"@id":"https:\/\/web.gruene-zh.ch\/buelach\/blog\/positionen\/migration-teilhabe-statt-ausschluss#primaryimage"},"image":{"@id":"https:\/\/web.gruene-zh.ch\/buelach\/blog\/positionen\/migration-teilhabe-statt-ausschluss#primaryimage"},"thumbnailUrl":"https:\/\/web.gruene-zh.ch\/buelach\/wp-content\/uploads\/sites\/7\/2025\/06\/13_Migration-und-Flucht-1-2560x0-c-default.jpg","datePublished":"2025-06-06T15:45:58+00:00","dateModified":"2025-07-07T10:04:37+00:00","author":{"@id":"https:\/\/web.gruene-zh.ch\/buelach\/#\/schema\/person\/e727ff1f84a08154b96c09a783824402"},"description":"In unserem Alltag leben Menschen aus einer Vielzahl von Kulturen und mit verschiedensten Lebensgeschichten zusammen. Die Schweiz legt Migrant:innen oft viele Steine in den Weg: keine politischen Rechte, unsichere Aufenthaltstitel und eine soziale Absicherung weit unter dem Existenzminimum. Wir GR\u00dcNE unterst\u00fctzen insbesondere das Erlernen der Sprache und die schnelle Aufnahme von Arbeit oder Ausbildung als zentrale Elemente der Teilhabe. Die Stadt B\u00fclach muss die Organisationen, die sich f\u00fcr eine schnelle Integration einsetzen, besser unterst\u00fctzen,","breadcrumb":{"@id":"https:\/\/web.gruene-zh.ch\/buelach\/blog\/positionen\/migration-teilhabe-statt-ausschluss#breadcrumb"},"inLanguage":"de","potentialAction":[{"@type":"ReadAction","target":["https:\/\/web.gruene-zh.ch\/buelach\/blog\/positionen\/migration-teilhabe-statt-ausschluss"]}]},{"@type":"ImageObject","inLanguage":"de","@id":"https:\/\/web.gruene-zh.ch\/buelach\/blog\/positionen\/migration-teilhabe-statt-ausschluss#primaryimage","url":"https:\/\/web.gruene-zh.ch\/buelach\/wp-content\/uploads\/sites\/7\/2025\/06\/13_Migration-und-Flucht-1-2560x0-c-default.jpg","contentUrl":"https:\/\/web.gruene-zh.ch\/buelach\/wp-content\/uploads\/sites\/7\/2025\/06\/13_Migration-und-Flucht-1-2560x0-c-default.jpg","width":1920,"height":600},{"@type":"BreadcrumbList","@id":"https:\/\/web.gruene-zh.ch\/buelach\/blog\/positionen\/migration-teilhabe-statt-ausschluss#breadcrumb","itemListElement":[{"@type":"ListItem","position":1,"name":"Startseite","item":"https:\/\/web.gruene-zh.ch\/buelach\/"},{"@type":"ListItem","position":2,"name":"\u00dcber uns","item":"https:\/\/web.gruene-zh.ch\/buelach\/ueber-uns#menu-item-1599"},{"@type":"ListItem","position":3,"name":"Positionen","item":"https:\/\/web.gruene-zh.ch\/buelach\/blog\/category\/positionen"},{"@type":"ListItem","position":4,"name":"Migration: Teilhabe statt Ausschluss"}]},{"@type":"WebSite","@id":"https:\/\/web.gruene-zh.ch\/buelach\/#website","url":"https:\/\/web.gruene-zh.ch\/buelach\/","name":"GR\u00dcNE B\u00fclach","description":"Wir gestalten eine nachhaltige Zukunft","potentialAction":[{"@type":"SearchAction","target":{"@type":"EntryPoint","urlTemplate":"https:\/\/web.gruene-zh.ch\/buelach\/?s={search_term_string}"},"query-input":{"@type":"PropertyValueSpecification","valueRequired":true,"valueName":"search_term_string"}}],"inLanguage":"de"},{"@type":"Person","@id":"https:\/\/web.gruene-zh.ch\/buelach\/#\/schema\/person\/e727ff1f84a08154b96c09a783824402","name":"davidgaleuchet","image":{"@type":"ImageObject","inLanguage":"de","@id":"https:\/\/web.gruene-zh.ch\/buelach\/#\/schema\/person\/image\/","url":"https:\/\/secure.gravatar.com\/avatar\/957547767dfb90e987c36e9a1daa116ca35880d82f78645211ab8633b9fc5039?s=96&d=mm&r=g","contentUrl":"https:\/\/secure.gravatar.com\/avatar\/957547767dfb90e987c36e9a1daa116ca35880d82f78645211ab8633b9fc5039?s=96&d=mm&r=g","caption":"davidgaleuchet"}}]}},"_links":{"self":[{"href":"https:\/\/web.gruene-zh.ch\/buelach\/wp-json\/wp\/v2\/posts\/1792","targetHints":{"allow":["GET"]}}],"collection":[{"href":"https:\/\/web.gruene-zh.ch\/buelach\/wp-json\/wp\/v2\/posts"}],"about":[{"href":"https:\/\/web.gruene-zh.ch\/buelach\/wp-json\/wp\/v2\/types\/post"}],"author":[{"embeddable":true,"href":"https:\/\/web.gruene-zh.ch\/buelach\/wp-json\/wp\/v2\/users\/22"}],"replies":[{"embeddable":true,"href":"https:\/\/web.gruene-zh.ch\/buelach\/wp-json\/wp\/v2\/comments?post=1792"}],"version-history":[{"count":6,"href":"https:\/\/web.gruene-zh.ch\/buelach\/wp-json\/wp\/v2\/posts\/1792\/revisions"}],"predecessor-version":[{"id":2065,"href":"https:\/\/web.gruene-zh.ch\/buelach\/wp-json\/wp\/v2\/posts\/1792\/revisions\/2065"}],"wp:featuredmedia":[{"embeddable":true,"href":"https:\/\/web.gruene-zh.ch\/buelach\/wp-json\/wp\/v2\/media\/2064"}],"wp:attachment":[{"href":"https:\/\/web.gruene-zh.ch\/buelach\/wp-json\/wp\/v2\/media?parent=1792"}],"wp:term":[{"taxonomy":"category","embeddable":true,"href":"https:\/\/web.gruene-zh.ch\/buelach\/wp-json\/wp\/v2\/categories?post=1792"},{"taxonomy":"post_tag","embeddable":true,"href":"https:\/\/web.gruene-zh.ch\/buelach\/wp-json\/wp\/v2\/tags?post=1792"}],"curies":[{"name":"wp","href":"https:\/\/api.w.org\/{rel}","templated":true}]}}