{"id":1099,"date":"2025-01-01T21:51:46","date_gmt":"2025-01-01T20:51:46","guid":{"rendered":"https:\/\/web.gruene-zh.ch\/buelach\/?p=1099"},"modified":"2025-06-18T20:44:03","modified_gmt":"2025-06-18T18:44:03","slug":"berufsschule-buelach","status":"publish","type":"post","link":"https:\/\/web.gruene-zh.ch\/buelach\/blog\/aus-dem-parlament\/vorstoesse\/berufsschule-buelach","title":{"rendered":"Berufsschule B\u00fclach"},"content":{"rendered":"","protected":false},"excerpt":{"rendered":"","protected":false},"author":29,"featured_media":0,"comment_status":"closed","ping_status":"closed","sticky":false,"template":"","format":"standard","meta":{"_acf_changed":false,"inline_featured_image":false,"footnotes":""},"categories":[22],"tags":[],"class_list":["post-1099","post","type-post","status-publish","format-standard","hentry","category-vorstoesse"],"acf":[],"yoast_head":"<!-- This site is optimized with the Yoast SEO plugin v26.9 - https:\/\/yoast.com\/product\/yoast-seo-wordpress\/ -->\n<title>Berufsschule B\u00fclach - GR\u00dcNE B\u00fclach<\/title>\n<meta name=\"description\" content=\"Die Gr\u00fcnen stellen Fragen zur Beteiligung der Stadt B\u00fclach am Schicksal der (kantonalen) Berufsschule. Wie wichtig erachtet der Stadtrat die Berufsschule als Standortfaktor f\u00fcr die Stadt? Wie ist die Stadt B\u00fclach an der derzeit laufenden Erarbeitung eines Grundlagepapiers der Berufsschule zum notwendigen Raum- und Fl\u00e4chenbedarf beteiligt? Erachtet es der Stadtrat f\u00fcr sinnvoll, dass er in Zukunft wieder Einsitz in die Schulkommission nimmt?\" \/>\n<meta name=\"robots\" content=\"index, follow, max-snippet:-1, max-image-preview:large, max-video-preview:-1\" \/>\n<link rel=\"canonical\" href=\"https:\/\/web.gruene-zh.ch\/buelach\/blog\/aus-dem-parlament\/vorstoesse\/berufsschule-buelach\" \/>\n<meta property=\"og:locale\" content=\"de_DE\" \/>\n<meta property=\"og:type\" content=\"article\" \/>\n<meta property=\"og:title\" content=\"Berufsschule B\u00fclach - GR\u00dcNE B\u00fclach\" \/>\n<meta property=\"og:description\" content=\"Die Gr\u00fcnen stellen Fragen zur Beteiligung der Stadt B\u00fclach am Schicksal der (kantonalen) Berufsschule. Wie wichtig erachtet der Stadtrat \u2026\" \/>\n<meta property=\"og:url\" content=\"https:\/\/web.gruene-zh.ch\/buelach\/blog\/aus-dem-parlament\/vorstoesse\/berufsschule-buelach\" \/>\n<meta property=\"og:site_name\" content=\"GR\u00dcNE B\u00fclach\" \/>\n<meta property=\"article:published_time\" content=\"2025-01-01T20:51:46+00:00\" \/>\n<meta property=\"article:modified_time\" content=\"2025-06-18T18:44:03+00:00\" \/>\n<meta name=\"author\" content=\"claudiaforni\" \/>\n<meta name=\"twitter:card\" content=\"summary_large_image\" \/>\n<meta name=\"twitter:label1\" content=\"Verfasst von\" \/>\n\t<meta name=\"twitter:data1\" content=\"claudiaforni\" \/>\n\t<meta name=\"twitter:label2\" content=\"Gesch\u00e4tzte Lesezeit\" \/>\n\t<meta name=\"twitter:data2\" content=\"2\u00a0Minuten\" \/>\n<script type=\"application\/ld+json\" class=\"yoast-schema-graph\">{\"@context\":\"https:\/\/schema.org\",\"@graph\":[{\"@type\":\"Article\",\"@id\":\"https:\/\/web.gruene-zh.ch\/buelach\/blog\/aus-dem-parlament\/vorstoesse\/berufsschule-buelach#article\",\"isPartOf\":{\"@id\":\"https:\/\/web.gruene-zh.ch\/buelach\/blog\/aus-dem-parlament\/vorstoesse\/berufsschule-buelach\"},\"author\":{\"name\":\"claudiaforni\",\"@id\":\"https:\/\/web.gruene-zh.ch\/buelach\/#\/schema\/person\/a144b77d2b69ba10a00b181bb953cd59\"},\"headline\":\"Berufsschule B\u00fclach\",\"datePublished\":\"2025-01-01T20:51:46+00:00\",\"dateModified\":\"2025-06-18T18:44:03+00:00\",\"mainEntityOfPage\":{\"@id\":\"https:\/\/web.gruene-zh.ch\/buelach\/blog\/aus-dem-parlament\/vorstoesse\/berufsschule-buelach\"},\"wordCount\":3,\"articleSection\":[\"Vorst\u00f6sse\"],\"inLanguage\":\"de\"},{\"@type\":\"WebPage\",\"@id\":\"https:\/\/web.gruene-zh.ch\/buelach\/blog\/aus-dem-parlament\/vorstoesse\/berufsschule-buelach\",\"url\":\"https:\/\/web.gruene-zh.ch\/buelach\/blog\/aus-dem-parlament\/vorstoesse\/berufsschule-buelach\",\"name\":\"Berufsschule B\u00fclach - GR\u00dcNE B\u00fclach\",\"isPartOf\":{\"@id\":\"https:\/\/web.gruene-zh.ch\/buelach\/#website\"},\"datePublished\":\"2025-01-01T20:51:46+00:00\",\"dateModified\":\"2025-06-18T18:44:03+00:00\",\"author\":{\"@id\":\"https:\/\/web.gruene-zh.ch\/buelach\/#\/schema\/person\/a144b77d2b69ba10a00b181bb953cd59\"},\"description\":\"Die Gr\u00fcnen stellen Fragen zur Beteiligung der Stadt B\u00fclach am Schicksal der (kantonalen) Berufsschule. Wie wichtig erachtet der Stadtrat die Berufsschule als Standortfaktor f\u00fcr die Stadt? Wie ist die Stadt B\u00fclach an der derzeit laufenden Erarbeitung eines Grundlagepapiers der Berufsschule zum notwendigen Raum- und Fl\u00e4chenbedarf beteiligt? Erachtet es der Stadtrat f\u00fcr sinnvoll, dass er in Zukunft wieder Einsitz in die Schulkommission nimmt?\",\"breadcrumb\":{\"@id\":\"https:\/\/web.gruene-zh.ch\/buelach\/blog\/aus-dem-parlament\/vorstoesse\/berufsschule-buelach#breadcrumb\"},\"inLanguage\":\"de\",\"potentialAction\":[{\"@type\":\"ReadAction\",\"target\":[\"https:\/\/web.gruene-zh.ch\/buelach\/blog\/aus-dem-parlament\/vorstoesse\/berufsschule-buelach\"]}]},{\"@type\":\"BreadcrumbList\",\"@id\":\"https:\/\/web.gruene-zh.ch\/buelach\/blog\/aus-dem-parlament\/vorstoesse\/berufsschule-buelach#breadcrumb\",\"itemListElement\":[{\"@type\":\"ListItem\",\"position\":1,\"name\":\"Startseite\",\"item\":\"https:\/\/web.gruene-zh.ch\/buelach\/\"},{\"@type\":\"ListItem\",\"position\":2,\"name\":\"Themen\",\"item\":\"https:\/\/web.gruene-zh.ch\/buelach\/themen#menu-item-1598\"},{\"@type\":\"ListItem\",\"position\":3,\"name\":\"Vorst\u00f6sse\",\"item\":\"https:\/\/web.gruene-zh.ch\/buelach\/blog\/category\/aus-dem-parlament\/vorstoesse\"},{\"@type\":\"ListItem\",\"position\":4,\"name\":\"Berufsschule B\u00fclach\"}]},{\"@type\":\"WebSite\",\"@id\":\"https:\/\/web.gruene-zh.ch\/buelach\/#website\",\"url\":\"https:\/\/web.gruene-zh.ch\/buelach\/\",\"name\":\"GR\u00dcNE B\u00fclach\",\"description\":\"Wir gestalten eine nachhaltige Zukunft\",\"potentialAction\":[{\"@type\":\"SearchAction\",\"target\":{\"@type\":\"EntryPoint\",\"urlTemplate\":\"https:\/\/web.gruene-zh.ch\/buelach\/?s={search_term_string}\"},\"query-input\":{\"@type\":\"PropertyValueSpecification\",\"valueRequired\":true,\"valueName\":\"search_term_string\"}}],\"inLanguage\":\"de\"},{\"@type\":\"Person\",\"@id\":\"https:\/\/web.gruene-zh.ch\/buelach\/#\/schema\/person\/a144b77d2b69ba10a00b181bb953cd59\",\"name\":\"claudiaforni\",\"image\":{\"@type\":\"ImageObject\",\"inLanguage\":\"de\",\"@id\":\"https:\/\/web.gruene-zh.ch\/buelach\/#\/schema\/person\/image\/\",\"url\":\"https:\/\/secure.gravatar.com\/avatar\/b7dd50247d45e3f87aa62301e2e8f5daad4fb62fd51e2d07e104c456f5d28e1e?s=96&d=mm&r=g\",\"contentUrl\":\"https:\/\/secure.gravatar.com\/avatar\/b7dd50247d45e3f87aa62301e2e8f5daad4fb62fd51e2d07e104c456f5d28e1e?s=96&d=mm&r=g\",\"caption\":\"claudiaforni\"}}]}<\/script>\n<!-- \/ Yoast SEO plugin. -->","yoast_head_json":{"title":"Berufsschule B\u00fclach - GR\u00dcNE B\u00fclach","description":"Die Gr\u00fcnen stellen Fragen zur Beteiligung der Stadt B\u00fclach am Schicksal der (kantonalen) Berufsschule. Wie wichtig erachtet der Stadtrat die Berufsschule als Standortfaktor f\u00fcr die Stadt? Wie ist die Stadt B\u00fclach an der derzeit laufenden Erarbeitung eines Grundlagepapiers der Berufsschule zum notwendigen Raum- und Fl\u00e4chenbedarf beteiligt? Erachtet es der Stadtrat f\u00fcr sinnvoll, dass er in Zukunft wieder Einsitz in die Schulkommission nimmt?","robots":{"index":"index","follow":"follow","max-snippet":"max-snippet:-1","max-image-preview":"max-image-preview:large","max-video-preview":"max-video-preview:-1"},"canonical":"https:\/\/web.gruene-zh.ch\/buelach\/blog\/aus-dem-parlament\/vorstoesse\/berufsschule-buelach","og_locale":"de_DE","og_type":"article","og_title":"Berufsschule B\u00fclach - GR\u00dcNE B\u00fclach","og_description":"Die Gr\u00fcnen stellen Fragen zur Beteiligung der Stadt B\u00fclach am Schicksal der (kantonalen) Berufsschule. Wie wichtig erachtet der Stadtrat \u2026","og_url":"https:\/\/web.gruene-zh.ch\/buelach\/blog\/aus-dem-parlament\/vorstoesse\/berufsschule-buelach","og_site_name":"GR\u00dcNE B\u00fclach","article_published_time":"2025-01-01T20:51:46+00:00","article_modified_time":"2025-06-18T18:44:03+00:00","author":"claudiaforni","twitter_card":"summary_large_image","twitter_misc":{"Verfasst von":"claudiaforni","Gesch\u00e4tzte Lesezeit":"2\u00a0Minuten"},"schema":{"@context":"https:\/\/schema.org","@graph":[{"@type":"Article","@id":"https:\/\/web.gruene-zh.ch\/buelach\/blog\/aus-dem-parlament\/vorstoesse\/berufsschule-buelach#article","isPartOf":{"@id":"https:\/\/web.gruene-zh.ch\/buelach\/blog\/aus-dem-parlament\/vorstoesse\/berufsschule-buelach"},"author":{"name":"claudiaforni","@id":"https:\/\/web.gruene-zh.ch\/buelach\/#\/schema\/person\/a144b77d2b69ba10a00b181bb953cd59"},"headline":"Berufsschule B\u00fclach","datePublished":"2025-01-01T20:51:46+00:00","dateModified":"2025-06-18T18:44:03+00:00","mainEntityOfPage":{"@id":"https:\/\/web.gruene-zh.ch\/buelach\/blog\/aus-dem-parlament\/vorstoesse\/berufsschule-buelach"},"wordCount":3,"articleSection":["Vorst\u00f6sse"],"inLanguage":"de"},{"@type":"WebPage","@id":"https:\/\/web.gruene-zh.ch\/buelach\/blog\/aus-dem-parlament\/vorstoesse\/berufsschule-buelach","url":"https:\/\/web.gruene-zh.ch\/buelach\/blog\/aus-dem-parlament\/vorstoesse\/berufsschule-buelach","name":"Berufsschule B\u00fclach - GR\u00dcNE B\u00fclach","isPartOf":{"@id":"https:\/\/web.gruene-zh.ch\/buelach\/#website"},"datePublished":"2025-01-01T20:51:46+00:00","dateModified":"2025-06-18T18:44:03+00:00","author":{"@id":"https:\/\/web.gruene-zh.ch\/buelach\/#\/schema\/person\/a144b77d2b69ba10a00b181bb953cd59"},"description":"Die Gr\u00fcnen stellen Fragen zur Beteiligung der Stadt B\u00fclach am Schicksal der (kantonalen) Berufsschule. Wie wichtig erachtet der Stadtrat die Berufsschule als Standortfaktor f\u00fcr die Stadt? Wie ist die Stadt B\u00fclach an der derzeit laufenden Erarbeitung eines Grundlagepapiers der Berufsschule zum notwendigen Raum- und Fl\u00e4chenbedarf beteiligt? Erachtet es der Stadtrat f\u00fcr sinnvoll, dass er in Zukunft wieder Einsitz in die Schulkommission nimmt?","breadcrumb":{"@id":"https:\/\/web.gruene-zh.ch\/buelach\/blog\/aus-dem-parlament\/vorstoesse\/berufsschule-buelach#breadcrumb"},"inLanguage":"de","potentialAction":[{"@type":"ReadAction","target":["https:\/\/web.gruene-zh.ch\/buelach\/blog\/aus-dem-parlament\/vorstoesse\/berufsschule-buelach"]}]},{"@type":"BreadcrumbList","@id":"https:\/\/web.gruene-zh.ch\/buelach\/blog\/aus-dem-parlament\/vorstoesse\/berufsschule-buelach#breadcrumb","itemListElement":[{"@type":"ListItem","position":1,"name":"Startseite","item":"https:\/\/web.gruene-zh.ch\/buelach\/"},{"@type":"ListItem","position":2,"name":"Themen","item":"https:\/\/web.gruene-zh.ch\/buelach\/themen#menu-item-1598"},{"@type":"ListItem","position":3,"name":"Vorst\u00f6sse","item":"https:\/\/web.gruene-zh.ch\/buelach\/blog\/category\/aus-dem-parlament\/vorstoesse"},{"@type":"ListItem","position":4,"name":"Berufsschule B\u00fclach"}]},{"@type":"WebSite","@id":"https:\/\/web.gruene-zh.ch\/buelach\/#website","url":"https:\/\/web.gruene-zh.ch\/buelach\/","name":"GR\u00dcNE B\u00fclach","description":"Wir gestalten eine nachhaltige Zukunft","potentialAction":[{"@type":"SearchAction","target":{"@type":"EntryPoint","urlTemplate":"https:\/\/web.gruene-zh.ch\/buelach\/?s={search_term_string}"},"query-input":{"@type":"PropertyValueSpecification","valueRequired":true,"valueName":"search_term_string"}}],"inLanguage":"de"},{"@type":"Person","@id":"https:\/\/web.gruene-zh.ch\/buelach\/#\/schema\/person\/a144b77d2b69ba10a00b181bb953cd59","name":"claudiaforni","image":{"@type":"ImageObject","inLanguage":"de","@id":"https:\/\/web.gruene-zh.ch\/buelach\/#\/schema\/person\/image\/","url":"https:\/\/secure.gravatar.com\/avatar\/b7dd50247d45e3f87aa62301e2e8f5daad4fb62fd51e2d07e104c456f5d28e1e?s=96&d=mm&r=g","contentUrl":"https:\/\/secure.gravatar.com\/avatar\/b7dd50247d45e3f87aa62301e2e8f5daad4fb62fd51e2d07e104c456f5d28e1e?s=96&d=mm&r=g","caption":"claudiaforni"}}]}},"_links":{"self":[{"href":"https:\/\/web.gruene-zh.ch\/buelach\/wp-json\/wp\/v2\/posts\/1099","targetHints":{"allow":["GET"]}}],"collection":[{"href":"https:\/\/web.gruene-zh.ch\/buelach\/wp-json\/wp\/v2\/posts"}],"about":[{"href":"https:\/\/web.gruene-zh.ch\/buelach\/wp-json\/wp\/v2\/types\/post"}],"author":[{"embeddable":true,"href":"https:\/\/web.gruene-zh.ch\/buelach\/wp-json\/wp\/v2\/users\/29"}],"replies":[{"embeddable":true,"href":"https:\/\/web.gruene-zh.ch\/buelach\/wp-json\/wp\/v2\/comments?post=1099"}],"version-history":[{"count":1,"href":"https:\/\/web.gruene-zh.ch\/buelach\/wp-json\/wp\/v2\/posts\/1099\/revisions"}],"predecessor-version":[{"id":1100,"href":"https:\/\/web.gruene-zh.ch\/buelach\/wp-json\/wp\/v2\/posts\/1099\/revisions\/1100"}],"wp:attachment":[{"href":"https:\/\/web.gruene-zh.ch\/buelach\/wp-json\/wp\/v2\/media?parent=1099"}],"wp:term":[{"taxonomy":"category","embeddable":true,"href":"https:\/\/web.gruene-zh.ch\/buelach\/wp-json\/wp\/v2\/categories?post=1099"},{"taxonomy":"post_tag","embeddable":true,"href":"https:\/\/web.gruene-zh.ch\/buelach\/wp-json\/wp\/v2\/tags?post=1099"}],"curies":[{"name":"wp","href":"https:\/\/api.w.org\/{rel}","templated":true}]}}