{"id":1085,"date":"2023-02-22T18:28:43","date_gmt":"2023-02-22T17:28:43","guid":{"rendered":"https:\/\/web.gruene-zh.ch\/buelach\/blog\/vorstoesse\/buelacher-klimapolitik-quo-vadis-copy"},"modified":"2023-02-22T18:34:55","modified_gmt":"2023-02-22T17:34:55","slug":"buelacher-klimapolitik-quo-vadis-copy","status":"publish","type":"post","link":"https:\/\/web.gruene-zh.ch\/buelach\/blog\/aus-dem-parlament\/vorstoesse\/buelacher-klimapolitik-quo-vadis-copy","title":{"rendered":"B\u00fclacher Klimapolitik &#8211; quo vadis?"},"content":{"rendered":"","protected":false},"excerpt":{"rendered":"","protected":false},"author":29,"featured_media":0,"comment_status":"closed","ping_status":"closed","sticky":false,"template":"","format":"standard","meta":{"_acf_changed":false,"inline_featured_image":false,"footnotes":""},"categories":[22],"tags":[],"class_list":["post-1085","post","type-post","status-publish","format-standard","hentry","category-vorstoesse"],"acf":[],"yoast_head":"<!-- This site is optimized with the Yoast SEO plugin v26.9 - https:\/\/yoast.com\/product\/yoast-seo-wordpress\/ -->\n<title>B\u00fclacher Klimapolitik - quo vadis? - GR\u00dcNE B\u00fclach<\/title>\n<meta name=\"description\" content=\"Damaris Hohler stellt in ihrer Interpellation Fragen zur Erreichung und \u00dcberarbeitung der Energieziele 2010-2025 und dazu, was konkret unternommen wurde, um das Ziel einer 2000-Watt-Gesellschaft zu erreichen.\" \/>\n<meta name=\"robots\" content=\"index, follow, max-snippet:-1, max-image-preview:large, max-video-preview:-1\" \/>\n<link rel=\"canonical\" href=\"https:\/\/web.gruene-zh.ch\/buelach\/blog\/aus-dem-parlament\/vorstoesse\/buelacher-klimapolitik-quo-vadis-copy\" \/>\n<meta property=\"og:locale\" content=\"de_DE\" \/>\n<meta property=\"og:type\" content=\"article\" \/>\n<meta property=\"og:title\" content=\"B\u00fclacher Klimapolitik - quo vadis? - GR\u00dcNE B\u00fclach\" \/>\n<meta property=\"og:description\" content=\"Damaris Hohler stellt in ihrer Interpellation Fragen zur Erreichung und \u00dcberarbeitung der Energieziele 2010-2025 und dazu, was konkret \u2026\" \/>\n<meta property=\"og:url\" content=\"https:\/\/web.gruene-zh.ch\/buelach\/blog\/aus-dem-parlament\/vorstoesse\/buelacher-klimapolitik-quo-vadis-copy\" \/>\n<meta property=\"og:site_name\" content=\"GR\u00dcNE B\u00fclach\" \/>\n<meta property=\"article:published_time\" content=\"2023-02-22T17:28:43+00:00\" \/>\n<meta property=\"article:modified_time\" content=\"2023-02-22T17:34:55+00:00\" \/>\n<meta name=\"author\" content=\"claudiaforni\" \/>\n<meta name=\"twitter:card\" content=\"summary_large_image\" \/>\n<meta name=\"twitter:label1\" content=\"Verfasst von\" \/>\n\t<meta name=\"twitter:data1\" content=\"claudiaforni\" \/>\n<script type=\"application\/ld+json\" class=\"yoast-schema-graph\">{\"@context\":\"https:\/\/schema.org\",\"@graph\":[{\"@type\":\"Article\",\"@id\":\"https:\/\/web.gruene-zh.ch\/buelach\/blog\/aus-dem-parlament\/vorstoesse\/buelacher-klimapolitik-quo-vadis-copy#article\",\"isPartOf\":{\"@id\":\"https:\/\/web.gruene-zh.ch\/buelach\/blog\/aus-dem-parlament\/vorstoesse\/buelacher-klimapolitik-quo-vadis-copy\"},\"author\":{\"name\":\"claudiaforni\",\"@id\":\"https:\/\/web.gruene-zh.ch\/buelach\/#\/schema\/person\/a144b77d2b69ba10a00b181bb953cd59\"},\"headline\":\"B\u00fclacher Klimapolitik &#8211; quo vadis?\",\"datePublished\":\"2023-02-22T17:28:43+00:00\",\"dateModified\":\"2023-02-22T17:34:55+00:00\",\"mainEntityOfPage\":{\"@id\":\"https:\/\/web.gruene-zh.ch\/buelach\/blog\/aus-dem-parlament\/vorstoesse\/buelacher-klimapolitik-quo-vadis-copy\"},\"wordCount\":6,\"articleSection\":[\"Vorst\u00f6sse\"],\"inLanguage\":\"de\"},{\"@type\":\"WebPage\",\"@id\":\"https:\/\/web.gruene-zh.ch\/buelach\/blog\/aus-dem-parlament\/vorstoesse\/buelacher-klimapolitik-quo-vadis-copy\",\"url\":\"https:\/\/web.gruene-zh.ch\/buelach\/blog\/aus-dem-parlament\/vorstoesse\/buelacher-klimapolitik-quo-vadis-copy\",\"name\":\"B\u00fclacher Klimapolitik - quo vadis? - GR\u00dcNE B\u00fclach\",\"isPartOf\":{\"@id\":\"https:\/\/web.gruene-zh.ch\/buelach\/#website\"},\"datePublished\":\"2023-02-22T17:28:43+00:00\",\"dateModified\":\"2023-02-22T17:34:55+00:00\",\"author\":{\"@id\":\"https:\/\/web.gruene-zh.ch\/buelach\/#\/schema\/person\/a144b77d2b69ba10a00b181bb953cd59\"},\"description\":\"Damaris Hohler stellt in ihrer Interpellation Fragen zur Erreichung und \u00dcberarbeitung der Energieziele 2010-2025 und dazu, was konkret unternommen wurde, um das Ziel einer 2000-Watt-Gesellschaft zu erreichen.\",\"breadcrumb\":{\"@id\":\"https:\/\/web.gruene-zh.ch\/buelach\/blog\/aus-dem-parlament\/vorstoesse\/buelacher-klimapolitik-quo-vadis-copy#breadcrumb\"},\"inLanguage\":\"de\",\"potentialAction\":[{\"@type\":\"ReadAction\",\"target\":[\"https:\/\/web.gruene-zh.ch\/buelach\/blog\/aus-dem-parlament\/vorstoesse\/buelacher-klimapolitik-quo-vadis-copy\"]}]},{\"@type\":\"BreadcrumbList\",\"@id\":\"https:\/\/web.gruene-zh.ch\/buelach\/blog\/aus-dem-parlament\/vorstoesse\/buelacher-klimapolitik-quo-vadis-copy#breadcrumb\",\"itemListElement\":[{\"@type\":\"ListItem\",\"position\":1,\"name\":\"Startseite\",\"item\":\"https:\/\/web.gruene-zh.ch\/buelach\/\"},{\"@type\":\"ListItem\",\"position\":2,\"name\":\"Themen\",\"item\":\"https:\/\/web.gruene-zh.ch\/buelach\/themen#menu-item-1598\"},{\"@type\":\"ListItem\",\"position\":3,\"name\":\"Vorst\u00f6sse\",\"item\":\"https:\/\/web.gruene-zh.ch\/buelach\/blog\/category\/aus-dem-parlament\/vorstoesse\"},{\"@type\":\"ListItem\",\"position\":4,\"name\":\"B\u00fclacher Klimapolitik &#8211; quo vadis?\"}]},{\"@type\":\"WebSite\",\"@id\":\"https:\/\/web.gruene-zh.ch\/buelach\/#website\",\"url\":\"https:\/\/web.gruene-zh.ch\/buelach\/\",\"name\":\"GR\u00dcNE B\u00fclach\",\"description\":\"Wir gestalten eine nachhaltige Zukunft\",\"potentialAction\":[{\"@type\":\"SearchAction\",\"target\":{\"@type\":\"EntryPoint\",\"urlTemplate\":\"https:\/\/web.gruene-zh.ch\/buelach\/?s={search_term_string}\"},\"query-input\":{\"@type\":\"PropertyValueSpecification\",\"valueRequired\":true,\"valueName\":\"search_term_string\"}}],\"inLanguage\":\"de\"},{\"@type\":\"Person\",\"@id\":\"https:\/\/web.gruene-zh.ch\/buelach\/#\/schema\/person\/a144b77d2b69ba10a00b181bb953cd59\",\"name\":\"claudiaforni\",\"image\":{\"@type\":\"ImageObject\",\"inLanguage\":\"de\",\"@id\":\"https:\/\/web.gruene-zh.ch\/buelach\/#\/schema\/person\/image\/\",\"url\":\"https:\/\/secure.gravatar.com\/avatar\/b7dd50247d45e3f87aa62301e2e8f5daad4fb62fd51e2d07e104c456f5d28e1e?s=96&d=mm&r=g\",\"contentUrl\":\"https:\/\/secure.gravatar.com\/avatar\/b7dd50247d45e3f87aa62301e2e8f5daad4fb62fd51e2d07e104c456f5d28e1e?s=96&d=mm&r=g\",\"caption\":\"claudiaforni\"}}]}<\/script>\n<!-- \/ Yoast SEO plugin. -->","yoast_head_json":{"title":"B\u00fclacher Klimapolitik - quo vadis? - GR\u00dcNE B\u00fclach","description":"Damaris Hohler stellt in ihrer Interpellation Fragen zur Erreichung und \u00dcberarbeitung der Energieziele 2010-2025 und dazu, was konkret unternommen wurde, um das Ziel einer 2000-Watt-Gesellschaft zu erreichen.","robots":{"index":"index","follow":"follow","max-snippet":"max-snippet:-1","max-image-preview":"max-image-preview:large","max-video-preview":"max-video-preview:-1"},"canonical":"https:\/\/web.gruene-zh.ch\/buelach\/blog\/aus-dem-parlament\/vorstoesse\/buelacher-klimapolitik-quo-vadis-copy","og_locale":"de_DE","og_type":"article","og_title":"B\u00fclacher Klimapolitik - quo vadis? - GR\u00dcNE B\u00fclach","og_description":"Damaris Hohler stellt in ihrer Interpellation Fragen zur Erreichung und \u00dcberarbeitung der Energieziele 2010-2025 und dazu, was konkret \u2026","og_url":"https:\/\/web.gruene-zh.ch\/buelach\/blog\/aus-dem-parlament\/vorstoesse\/buelacher-klimapolitik-quo-vadis-copy","og_site_name":"GR\u00dcNE B\u00fclach","article_published_time":"2023-02-22T17:28:43+00:00","article_modified_time":"2023-02-22T17:34:55+00:00","author":"claudiaforni","twitter_card":"summary_large_image","twitter_misc":{"Verfasst von":"claudiaforni"},"schema":{"@context":"https:\/\/schema.org","@graph":[{"@type":"Article","@id":"https:\/\/web.gruene-zh.ch\/buelach\/blog\/aus-dem-parlament\/vorstoesse\/buelacher-klimapolitik-quo-vadis-copy#article","isPartOf":{"@id":"https:\/\/web.gruene-zh.ch\/buelach\/blog\/aus-dem-parlament\/vorstoesse\/buelacher-klimapolitik-quo-vadis-copy"},"author":{"name":"claudiaforni","@id":"https:\/\/web.gruene-zh.ch\/buelach\/#\/schema\/person\/a144b77d2b69ba10a00b181bb953cd59"},"headline":"B\u00fclacher Klimapolitik &#8211; quo vadis?","datePublished":"2023-02-22T17:28:43+00:00","dateModified":"2023-02-22T17:34:55+00:00","mainEntityOfPage":{"@id":"https:\/\/web.gruene-zh.ch\/buelach\/blog\/aus-dem-parlament\/vorstoesse\/buelacher-klimapolitik-quo-vadis-copy"},"wordCount":6,"articleSection":["Vorst\u00f6sse"],"inLanguage":"de"},{"@type":"WebPage","@id":"https:\/\/web.gruene-zh.ch\/buelach\/blog\/aus-dem-parlament\/vorstoesse\/buelacher-klimapolitik-quo-vadis-copy","url":"https:\/\/web.gruene-zh.ch\/buelach\/blog\/aus-dem-parlament\/vorstoesse\/buelacher-klimapolitik-quo-vadis-copy","name":"B\u00fclacher Klimapolitik - quo vadis? - GR\u00dcNE B\u00fclach","isPartOf":{"@id":"https:\/\/web.gruene-zh.ch\/buelach\/#website"},"datePublished":"2023-02-22T17:28:43+00:00","dateModified":"2023-02-22T17:34:55+00:00","author":{"@id":"https:\/\/web.gruene-zh.ch\/buelach\/#\/schema\/person\/a144b77d2b69ba10a00b181bb953cd59"},"description":"Damaris Hohler stellt in ihrer Interpellation Fragen zur Erreichung und \u00dcberarbeitung der Energieziele 2010-2025 und dazu, was konkret unternommen wurde, um das Ziel einer 2000-Watt-Gesellschaft zu erreichen.","breadcrumb":{"@id":"https:\/\/web.gruene-zh.ch\/buelach\/blog\/aus-dem-parlament\/vorstoesse\/buelacher-klimapolitik-quo-vadis-copy#breadcrumb"},"inLanguage":"de","potentialAction":[{"@type":"ReadAction","target":["https:\/\/web.gruene-zh.ch\/buelach\/blog\/aus-dem-parlament\/vorstoesse\/buelacher-klimapolitik-quo-vadis-copy"]}]},{"@type":"BreadcrumbList","@id":"https:\/\/web.gruene-zh.ch\/buelach\/blog\/aus-dem-parlament\/vorstoesse\/buelacher-klimapolitik-quo-vadis-copy#breadcrumb","itemListElement":[{"@type":"ListItem","position":1,"name":"Startseite","item":"https:\/\/web.gruene-zh.ch\/buelach\/"},{"@type":"ListItem","position":2,"name":"Themen","item":"https:\/\/web.gruene-zh.ch\/buelach\/themen#menu-item-1598"},{"@type":"ListItem","position":3,"name":"Vorst\u00f6sse","item":"https:\/\/web.gruene-zh.ch\/buelach\/blog\/category\/aus-dem-parlament\/vorstoesse"},{"@type":"ListItem","position":4,"name":"B\u00fclacher Klimapolitik &#8211; quo vadis?"}]},{"@type":"WebSite","@id":"https:\/\/web.gruene-zh.ch\/buelach\/#website","url":"https:\/\/web.gruene-zh.ch\/buelach\/","name":"GR\u00dcNE B\u00fclach","description":"Wir gestalten eine nachhaltige Zukunft","potentialAction":[{"@type":"SearchAction","target":{"@type":"EntryPoint","urlTemplate":"https:\/\/web.gruene-zh.ch\/buelach\/?s={search_term_string}"},"query-input":{"@type":"PropertyValueSpecification","valueRequired":true,"valueName":"search_term_string"}}],"inLanguage":"de"},{"@type":"Person","@id":"https:\/\/web.gruene-zh.ch\/buelach\/#\/schema\/person\/a144b77d2b69ba10a00b181bb953cd59","name":"claudiaforni","image":{"@type":"ImageObject","inLanguage":"de","@id":"https:\/\/web.gruene-zh.ch\/buelach\/#\/schema\/person\/image\/","url":"https:\/\/secure.gravatar.com\/avatar\/b7dd50247d45e3f87aa62301e2e8f5daad4fb62fd51e2d07e104c456f5d28e1e?s=96&d=mm&r=g","contentUrl":"https:\/\/secure.gravatar.com\/avatar\/b7dd50247d45e3f87aa62301e2e8f5daad4fb62fd51e2d07e104c456f5d28e1e?s=96&d=mm&r=g","caption":"claudiaforni"}}]}},"_links":{"self":[{"href":"https:\/\/web.gruene-zh.ch\/buelach\/wp-json\/wp\/v2\/posts\/1085","targetHints":{"allow":["GET"]}}],"collection":[{"href":"https:\/\/web.gruene-zh.ch\/buelach\/wp-json\/wp\/v2\/posts"}],"about":[{"href":"https:\/\/web.gruene-zh.ch\/buelach\/wp-json\/wp\/v2\/types\/post"}],"author":[{"embeddable":true,"href":"https:\/\/web.gruene-zh.ch\/buelach\/wp-json\/wp\/v2\/users\/29"}],"replies":[{"embeddable":true,"href":"https:\/\/web.gruene-zh.ch\/buelach\/wp-json\/wp\/v2\/comments?post=1085"}],"version-history":[{"count":1,"href":"https:\/\/web.gruene-zh.ch\/buelach\/wp-json\/wp\/v2\/posts\/1085\/revisions"}],"predecessor-version":[{"id":1093,"href":"https:\/\/web.gruene-zh.ch\/buelach\/wp-json\/wp\/v2\/posts\/1085\/revisions\/1093"}],"wp:attachment":[{"href":"https:\/\/web.gruene-zh.ch\/buelach\/wp-json\/wp\/v2\/media?parent=1085"}],"wp:term":[{"taxonomy":"category","embeddable":true,"href":"https:\/\/web.gruene-zh.ch\/buelach\/wp-json\/wp\/v2\/categories?post=1085"},{"taxonomy":"post_tag","embeddable":true,"href":"https:\/\/web.gruene-zh.ch\/buelach\/wp-json\/wp\/v2\/tags?post=1085"}],"curies":[{"name":"wp","href":"https:\/\/api.w.org\/{rel}","templated":true}]}}