{"id":883,"date":"2021-12-23T14:57:11","date_gmt":"2021-12-23T13:57:11","guid":{"rendered":"https:\/\/web.gruene-zh.ch\/bezirk-affoltern\/?p=883"},"modified":"2021-12-23T15:13:25","modified_gmt":"2021-12-23T14:13:25","slug":"energieeffizienz-staedtischer-gebaeude","status":"publish","type":"post","link":"https:\/\/web.gruene-zh.ch\/bezirk-affoltern\/blog\/vorstoesse\/energieeffizienz-staedtischer-gebaeude","title":{"rendered":"Energieeffizienz st\u00e4dtischer Geb\u00e4ude"},"content":{"rendered":"","protected":false},"excerpt":{"rendered":"","protected":false},"author":12,"featured_media":0,"comment_status":"closed","ping_status":"closed","sticky":false,"template":"","format":"standard","meta":{"_acf_changed":false,"inline_featured_image":false,"footnotes":""},"categories":[22],"tags":[],"class_list":["post-883","post","type-post","status-publish","format-standard","hentry","category-vorstoesse"],"acf":[],"yoast_head":"<!-- This site is optimized with the Yoast SEO plugin v26.9 - https:\/\/yoast.com\/product\/yoast-seo-wordpress\/ -->\n<title>Energieeffizienz st\u00e4dtischer Geb\u00e4ude - GR\u00dcNE Bezirk Affoltern<\/title>\n<meta name=\"description\" content=\"Postulat, Andreas Wolf, 3. Dezember 2020\" \/>\n<meta name=\"robots\" content=\"index, follow, max-snippet:-1, max-image-preview:large, max-video-preview:-1\" \/>\n<link rel=\"canonical\" href=\"https:\/\/web.gruene-zh.ch\/bezirk-affoltern\/blog\/vorstoesse\/energieeffizienz-staedtischer-gebaeude\" \/>\n<meta property=\"og:locale\" content=\"de_DE\" \/>\n<meta property=\"og:type\" content=\"article\" \/>\n<meta property=\"og:title\" content=\"Energieeffizienz st\u00e4dtischer Geb\u00e4ude - GR\u00dcNE Bezirk Affoltern\" \/>\n<meta property=\"og:description\" content=\"Postulat, Andreas Wolf, 3. Dezember 2020\" \/>\n<meta property=\"og:url\" content=\"https:\/\/web.gruene-zh.ch\/bezirk-affoltern\/blog\/vorstoesse\/energieeffizienz-staedtischer-gebaeude\" \/>\n<meta property=\"og:site_name\" content=\"GR\u00dcNE Bezirk Affoltern\" \/>\n<meta property=\"article:published_time\" content=\"2021-12-23T13:57:11+00:00\" \/>\n<meta property=\"article:modified_time\" content=\"2021-12-23T14:13:25+00:00\" \/>\n<meta name=\"author\" content=\"benjaminkraehenmann\" \/>\n<meta name=\"twitter:card\" content=\"summary_large_image\" \/>\n<meta name=\"twitter:label1\" content=\"Verfasst von\" \/>\n\t<meta name=\"twitter:data1\" content=\"benjaminkraehenmann\" \/>\n<script type=\"application\/ld+json\" class=\"yoast-schema-graph\">{\"@context\":\"https:\/\/schema.org\",\"@graph\":[{\"@type\":\"Article\",\"@id\":\"https:\/\/web.gruene-zh.ch\/bezirk-affoltern\/blog\/vorstoesse\/energieeffizienz-staedtischer-gebaeude#article\",\"isPartOf\":{\"@id\":\"https:\/\/web.gruene-zh.ch\/bezirk-affoltern\/blog\/vorstoesse\/energieeffizienz-staedtischer-gebaeude\"},\"author\":{\"name\":\"benjaminkraehenmann\",\"@id\":\"https:\/\/web.gruene-zh.ch\/bezirk-affoltern\/#\/schema\/person\/5ab88d995f7eeb85026bfd9e270549e0\"},\"headline\":\"Energieeffizienz st\u00e4dtischer Geb\u00e4ude\",\"datePublished\":\"2021-12-23T13:57:11+00:00\",\"dateModified\":\"2021-12-23T14:13:25+00:00\",\"mainEntityOfPage\":{\"@id\":\"https:\/\/web.gruene-zh.ch\/bezirk-affoltern\/blog\/vorstoesse\/energieeffizienz-staedtischer-gebaeude\"},\"wordCount\":5,\"articleSection\":[\"Vorst\u00f6sse\"],\"inLanguage\":\"de\"},{\"@type\":\"WebPage\",\"@id\":\"https:\/\/web.gruene-zh.ch\/bezirk-affoltern\/blog\/vorstoesse\/energieeffizienz-staedtischer-gebaeude\",\"url\":\"https:\/\/web.gruene-zh.ch\/bezirk-affoltern\/blog\/vorstoesse\/energieeffizienz-staedtischer-gebaeude\",\"name\":\"Energieeffizienz st\u00e4dtischer Geb\u00e4ude - GR\u00dcNE Bezirk Affoltern\",\"isPartOf\":{\"@id\":\"https:\/\/web.gruene-zh.ch\/bezirk-affoltern\/#website\"},\"datePublished\":\"2021-12-23T13:57:11+00:00\",\"dateModified\":\"2021-12-23T14:13:25+00:00\",\"author\":{\"@id\":\"https:\/\/web.gruene-zh.ch\/bezirk-affoltern\/#\/schema\/person\/5ab88d995f7eeb85026bfd9e270549e0\"},\"description\":\"Postulat, Andreas Wolf, 3. Dezember 2020\",\"breadcrumb\":{\"@id\":\"https:\/\/web.gruene-zh.ch\/bezirk-affoltern\/blog\/vorstoesse\/energieeffizienz-staedtischer-gebaeude#breadcrumb\"},\"inLanguage\":\"de\",\"potentialAction\":[{\"@type\":\"ReadAction\",\"target\":[\"https:\/\/web.gruene-zh.ch\/bezirk-affoltern\/blog\/vorstoesse\/energieeffizienz-staedtischer-gebaeude\"]}]},{\"@type\":\"BreadcrumbList\",\"@id\":\"https:\/\/web.gruene-zh.ch\/bezirk-affoltern\/blog\/vorstoesse\/energieeffizienz-staedtischer-gebaeude#breadcrumb\",\"itemListElement\":[{\"@type\":\"ListItem\",\"position\":1,\"name\":\"Startseite\",\"item\":\"https:\/\/web.gruene-zh.ch\/bezirk-affoltern\/\"},{\"@type\":\"ListItem\",\"position\":2,\"name\":\"Vorst\u00f6sse\",\"item\":\"https:\/\/web.gruene-zh.ch\/bezirk-affoltern\/blog\/category\/vorstoesse\"},{\"@type\":\"ListItem\",\"position\":3,\"name\":\"Energieeffizienz st\u00e4dtischer Geb\u00e4ude\"}]},{\"@type\":\"WebSite\",\"@id\":\"https:\/\/web.gruene-zh.ch\/bezirk-affoltern\/#website\",\"url\":\"https:\/\/web.gruene-zh.ch\/bezirk-affoltern\/\",\"name\":\"GR\u00dcNE Bezirk Affoltern\",\"description\":\"Willkommen bei den GR\u00dcNEN Bezirk Affoltern\",\"potentialAction\":[{\"@type\":\"SearchAction\",\"target\":{\"@type\":\"EntryPoint\",\"urlTemplate\":\"https:\/\/web.gruene-zh.ch\/bezirk-affoltern\/?s={search_term_string}\"},\"query-input\":{\"@type\":\"PropertyValueSpecification\",\"valueRequired\":true,\"valueName\":\"search_term_string\"}}],\"inLanguage\":\"de\"},{\"@type\":\"Person\",\"@id\":\"https:\/\/web.gruene-zh.ch\/bezirk-affoltern\/#\/schema\/person\/5ab88d995f7eeb85026bfd9e270549e0\",\"name\":\"benjaminkraehenmann\",\"image\":{\"@type\":\"ImageObject\",\"inLanguage\":\"de\",\"@id\":\"https:\/\/web.gruene-zh.ch\/bezirk-affoltern\/#\/schema\/person\/image\/\",\"url\":\"https:\/\/secure.gravatar.com\/avatar\/8620fa4b2e3e973077ab9bc798b674d32a5e00aaba34f4ccf1c69404e0478383?s=96&d=mm&r=g\",\"contentUrl\":\"https:\/\/secure.gravatar.com\/avatar\/8620fa4b2e3e973077ab9bc798b674d32a5e00aaba34f4ccf1c69404e0478383?s=96&d=mm&r=g\",\"caption\":\"benjaminkraehenmann\"}}]}<\/script>\n<!-- \/ Yoast SEO plugin. -->","yoast_head_json":{"title":"Energieeffizienz st\u00e4dtischer Geb\u00e4ude - GR\u00dcNE Bezirk Affoltern","description":"Postulat, Andreas Wolf, 3. Dezember 2020","robots":{"index":"index","follow":"follow","max-snippet":"max-snippet:-1","max-image-preview":"max-image-preview:large","max-video-preview":"max-video-preview:-1"},"canonical":"https:\/\/web.gruene-zh.ch\/bezirk-affoltern\/blog\/vorstoesse\/energieeffizienz-staedtischer-gebaeude","og_locale":"de_DE","og_type":"article","og_title":"Energieeffizienz st\u00e4dtischer Geb\u00e4ude - GR\u00dcNE Bezirk Affoltern","og_description":"Postulat, Andreas Wolf, 3. Dezember 2020","og_url":"https:\/\/web.gruene-zh.ch\/bezirk-affoltern\/blog\/vorstoesse\/energieeffizienz-staedtischer-gebaeude","og_site_name":"GR\u00dcNE Bezirk Affoltern","article_published_time":"2021-12-23T13:57:11+00:00","article_modified_time":"2021-12-23T14:13:25+00:00","author":"benjaminkraehenmann","twitter_card":"summary_large_image","twitter_misc":{"Verfasst von":"benjaminkraehenmann"},"schema":{"@context":"https:\/\/schema.org","@graph":[{"@type":"Article","@id":"https:\/\/web.gruene-zh.ch\/bezirk-affoltern\/blog\/vorstoesse\/energieeffizienz-staedtischer-gebaeude#article","isPartOf":{"@id":"https:\/\/web.gruene-zh.ch\/bezirk-affoltern\/blog\/vorstoesse\/energieeffizienz-staedtischer-gebaeude"},"author":{"name":"benjaminkraehenmann","@id":"https:\/\/web.gruene-zh.ch\/bezirk-affoltern\/#\/schema\/person\/5ab88d995f7eeb85026bfd9e270549e0"},"headline":"Energieeffizienz st\u00e4dtischer Geb\u00e4ude","datePublished":"2021-12-23T13:57:11+00:00","dateModified":"2021-12-23T14:13:25+00:00","mainEntityOfPage":{"@id":"https:\/\/web.gruene-zh.ch\/bezirk-affoltern\/blog\/vorstoesse\/energieeffizienz-staedtischer-gebaeude"},"wordCount":5,"articleSection":["Vorst\u00f6sse"],"inLanguage":"de"},{"@type":"WebPage","@id":"https:\/\/web.gruene-zh.ch\/bezirk-affoltern\/blog\/vorstoesse\/energieeffizienz-staedtischer-gebaeude","url":"https:\/\/web.gruene-zh.ch\/bezirk-affoltern\/blog\/vorstoesse\/energieeffizienz-staedtischer-gebaeude","name":"Energieeffizienz st\u00e4dtischer Geb\u00e4ude - GR\u00dcNE Bezirk Affoltern","isPartOf":{"@id":"https:\/\/web.gruene-zh.ch\/bezirk-affoltern\/#website"},"datePublished":"2021-12-23T13:57:11+00:00","dateModified":"2021-12-23T14:13:25+00:00","author":{"@id":"https:\/\/web.gruene-zh.ch\/bezirk-affoltern\/#\/schema\/person\/5ab88d995f7eeb85026bfd9e270549e0"},"description":"Postulat, Andreas Wolf, 3. Dezember 2020","breadcrumb":{"@id":"https:\/\/web.gruene-zh.ch\/bezirk-affoltern\/blog\/vorstoesse\/energieeffizienz-staedtischer-gebaeude#breadcrumb"},"inLanguage":"de","potentialAction":[{"@type":"ReadAction","target":["https:\/\/web.gruene-zh.ch\/bezirk-affoltern\/blog\/vorstoesse\/energieeffizienz-staedtischer-gebaeude"]}]},{"@type":"BreadcrumbList","@id":"https:\/\/web.gruene-zh.ch\/bezirk-affoltern\/blog\/vorstoesse\/energieeffizienz-staedtischer-gebaeude#breadcrumb","itemListElement":[{"@type":"ListItem","position":1,"name":"Startseite","item":"https:\/\/web.gruene-zh.ch\/bezirk-affoltern\/"},{"@type":"ListItem","position":2,"name":"Vorst\u00f6sse","item":"https:\/\/web.gruene-zh.ch\/bezirk-affoltern\/blog\/category\/vorstoesse"},{"@type":"ListItem","position":3,"name":"Energieeffizienz st\u00e4dtischer Geb\u00e4ude"}]},{"@type":"WebSite","@id":"https:\/\/web.gruene-zh.ch\/bezirk-affoltern\/#website","url":"https:\/\/web.gruene-zh.ch\/bezirk-affoltern\/","name":"GR\u00dcNE Bezirk Affoltern","description":"Willkommen bei den GR\u00dcNEN Bezirk Affoltern","potentialAction":[{"@type":"SearchAction","target":{"@type":"EntryPoint","urlTemplate":"https:\/\/web.gruene-zh.ch\/bezirk-affoltern\/?s={search_term_string}"},"query-input":{"@type":"PropertyValueSpecification","valueRequired":true,"valueName":"search_term_string"}}],"inLanguage":"de"},{"@type":"Person","@id":"https:\/\/web.gruene-zh.ch\/bezirk-affoltern\/#\/schema\/person\/5ab88d995f7eeb85026bfd9e270549e0","name":"benjaminkraehenmann","image":{"@type":"ImageObject","inLanguage":"de","@id":"https:\/\/web.gruene-zh.ch\/bezirk-affoltern\/#\/schema\/person\/image\/","url":"https:\/\/secure.gravatar.com\/avatar\/8620fa4b2e3e973077ab9bc798b674d32a5e00aaba34f4ccf1c69404e0478383?s=96&d=mm&r=g","contentUrl":"https:\/\/secure.gravatar.com\/avatar\/8620fa4b2e3e973077ab9bc798b674d32a5e00aaba34f4ccf1c69404e0478383?s=96&d=mm&r=g","caption":"benjaminkraehenmann"}}]}},"_links":{"self":[{"href":"https:\/\/web.gruene-zh.ch\/bezirk-affoltern\/wp-json\/wp\/v2\/posts\/883","targetHints":{"allow":["GET"]}}],"collection":[{"href":"https:\/\/web.gruene-zh.ch\/bezirk-affoltern\/wp-json\/wp\/v2\/posts"}],"about":[{"href":"https:\/\/web.gruene-zh.ch\/bezirk-affoltern\/wp-json\/wp\/v2\/types\/post"}],"author":[{"embeddable":true,"href":"https:\/\/web.gruene-zh.ch\/bezirk-affoltern\/wp-json\/wp\/v2\/users\/12"}],"replies":[{"embeddable":true,"href":"https:\/\/web.gruene-zh.ch\/bezirk-affoltern\/wp-json\/wp\/v2\/comments?post=883"}],"version-history":[{"count":2,"href":"https:\/\/web.gruene-zh.ch\/bezirk-affoltern\/wp-json\/wp\/v2\/posts\/883\/revisions"}],"predecessor-version":[{"id":902,"href":"https:\/\/web.gruene-zh.ch\/bezirk-affoltern\/wp-json\/wp\/v2\/posts\/883\/revisions\/902"}],"wp:attachment":[{"href":"https:\/\/web.gruene-zh.ch\/bezirk-affoltern\/wp-json\/wp\/v2\/media?parent=883"}],"wp:term":[{"taxonomy":"category","embeddable":true,"href":"https:\/\/web.gruene-zh.ch\/bezirk-affoltern\/wp-json\/wp\/v2\/categories?post=883"},{"taxonomy":"post_tag","embeddable":true,"href":"https:\/\/web.gruene-zh.ch\/bezirk-affoltern\/wp-json\/wp\/v2\/tags?post=883"}],"curies":[{"name":"wp","href":"https:\/\/api.w.org\/{rel}","templated":true}]}}