{"id":772,"date":"2021-09-14T09:00:35","date_gmt":"2021-09-14T07:00:35","guid":{"rendered":"https:\/\/web.gruene-zh.ch\/bezirk-affoltern\/blog\/medienmitteilungen\/stopp-lex-beznau-copy"},"modified":"2025-07-24T15:22:51","modified_gmt":"2025-07-24T13:22:51","slug":"dietiker-gruene-fuer-mehr-lebensqualitaet","status":"publish","type":"post","link":"https:\/\/web.gruene-zh.ch\/bezirk-affoltern\/blog\/medienmitteilungen\/dietiker-gruene-fuer-mehr-lebensqualitaet","title":{"rendered":"Polit-Stamm thematisiert Wohnungsnot"},"content":{"rendered":"","protected":false},"excerpt":{"rendered":"","protected":false},"author":12,"featured_media":0,"comment_status":"closed","ping_status":"closed","sticky":false,"template":"single_press_release.php","format":"standard","meta":{"_acf_changed":false,"inline_featured_image":false,"footnotes":""},"categories":[4],"tags":[],"class_list":["post-772","post","type-post","status-publish","format-standard","hentry","category-medienmitteilungen"],"acf":[],"yoast_head":"<!-- This site is optimized with the Yoast SEO plugin v26.9 - https:\/\/yoast.com\/product\/yoast-seo-wordpress\/ -->\n<title>Polit-Stamm thematisiert Wohnungsnot - GR\u00dcNE Bezirk Affoltern<\/title>\n<meta name=\"description\" content=\"Der Wohnungsmarkt funktioniert nicht mehr f\u00fcr die breite Bev\u00f6lkerung. Aktuell liegt die Leerwohnungsziffer im Bezirk Affoltern bei 0,75 %, in der Stadt Affoltern bei 0,65 %. Alarmierende Zahlen: es fehlt an bezahlbarem Wohnraum \u2013 auch bei uns. Auf kantonaler Ebene sind drei Initiativen f\u00fcr bezahlbares Wohnen in der parlamentarischen Beratung\" \/>\n<meta name=\"robots\" content=\"index, follow, max-snippet:-1, max-image-preview:large, max-video-preview:-1\" \/>\n<link rel=\"canonical\" href=\"https:\/\/web.gruene-zh.ch\/bezirk-affoltern\/blog\/medienmitteilungen\/dietiker-gruene-fuer-mehr-lebensqualitaet\" \/>\n<meta property=\"og:locale\" content=\"de_DE\" \/>\n<meta property=\"og:type\" content=\"article\" \/>\n<meta property=\"og:title\" content=\"Polit-Stamm thematisiert Wohnungsnot - GR\u00dcNE Bezirk Affoltern\" \/>\n<meta property=\"og:description\" content=\"Der Wohnungsmarkt funktioniert nicht mehr f\u00fcr die breite Bev\u00f6lkerung. Aktuell liegt die Leerwohnungsziffer im Bezirk Affoltern bei 0,75 \u2026\" \/>\n<meta property=\"og:url\" content=\"https:\/\/web.gruene-zh.ch\/bezirk-affoltern\/blog\/medienmitteilungen\/dietiker-gruene-fuer-mehr-lebensqualitaet\" \/>\n<meta property=\"og:site_name\" content=\"GR\u00dcNE Bezirk Affoltern\" \/>\n<meta property=\"article:published_time\" content=\"2021-09-14T07:00:35+00:00\" \/>\n<meta property=\"article:modified_time\" content=\"2025-07-24T13:22:51+00:00\" \/>\n<meta name=\"author\" content=\"benjaminkraehenmann\" \/>\n<meta name=\"twitter:card\" content=\"summary_large_image\" \/>\n<meta name=\"twitter:label1\" content=\"Verfasst von\" \/>\n\t<meta name=\"twitter:data1\" content=\"benjaminkraehenmann\" \/>\n\t<meta name=\"twitter:label2\" content=\"Gesch\u00e4tzte Lesezeit\" \/>\n\t<meta name=\"twitter:data2\" content=\"3\u00a0Minuten\" \/>\n<script type=\"application\/ld+json\" class=\"yoast-schema-graph\">{\"@context\":\"https:\/\/schema.org\",\"@graph\":[{\"@type\":\"Article\",\"@id\":\"https:\/\/web.gruene-zh.ch\/bezirk-affoltern\/blog\/medienmitteilungen\/dietiker-gruene-fuer-mehr-lebensqualitaet#article\",\"isPartOf\":{\"@id\":\"https:\/\/web.gruene-zh.ch\/bezirk-affoltern\/blog\/medienmitteilungen\/dietiker-gruene-fuer-mehr-lebensqualitaet\"},\"author\":{\"name\":\"benjaminkraehenmann\",\"@id\":\"https:\/\/web.gruene-zh.ch\/bezirk-affoltern\/#\/schema\/person\/5ab88d995f7eeb85026bfd9e270549e0\"},\"headline\":\"Polit-Stamm thematisiert Wohnungsnot\",\"datePublished\":\"2021-09-14T07:00:35+00:00\",\"dateModified\":\"2025-07-24T13:22:51+00:00\",\"mainEntityOfPage\":{\"@id\":\"https:\/\/web.gruene-zh.ch\/bezirk-affoltern\/blog\/medienmitteilungen\/dietiker-gruene-fuer-mehr-lebensqualitaet\"},\"wordCount\":3,\"articleSection\":[\"Medienmitteilungen\"],\"inLanguage\":\"de\"},{\"@type\":\"WebPage\",\"@id\":\"https:\/\/web.gruene-zh.ch\/bezirk-affoltern\/blog\/medienmitteilungen\/dietiker-gruene-fuer-mehr-lebensqualitaet\",\"url\":\"https:\/\/web.gruene-zh.ch\/bezirk-affoltern\/blog\/medienmitteilungen\/dietiker-gruene-fuer-mehr-lebensqualitaet\",\"name\":\"Polit-Stamm thematisiert Wohnungsnot - GR\u00dcNE Bezirk Affoltern\",\"isPartOf\":{\"@id\":\"https:\/\/web.gruene-zh.ch\/bezirk-affoltern\/#website\"},\"datePublished\":\"2021-09-14T07:00:35+00:00\",\"dateModified\":\"2025-07-24T13:22:51+00:00\",\"author\":{\"@id\":\"https:\/\/web.gruene-zh.ch\/bezirk-affoltern\/#\/schema\/person\/5ab88d995f7eeb85026bfd9e270549e0\"},\"description\":\"Der Wohnungsmarkt funktioniert nicht mehr f\u00fcr die breite Bev\u00f6lkerung. Aktuell liegt die Leerwohnungsziffer im Bezirk Affoltern bei 0,75 %, in der Stadt Affoltern bei 0,65 %. Alarmierende Zahlen: es fehlt an bezahlbarem Wohnraum \u2013 auch bei uns. Auf kantonaler Ebene sind drei Initiativen f\u00fcr bezahlbares Wohnen in der parlamentarischen Beratung\",\"breadcrumb\":{\"@id\":\"https:\/\/web.gruene-zh.ch\/bezirk-affoltern\/blog\/medienmitteilungen\/dietiker-gruene-fuer-mehr-lebensqualitaet#breadcrumb\"},\"inLanguage\":\"de\",\"potentialAction\":[{\"@type\":\"ReadAction\",\"target\":[\"https:\/\/web.gruene-zh.ch\/bezirk-affoltern\/blog\/medienmitteilungen\/dietiker-gruene-fuer-mehr-lebensqualitaet\"]}]},{\"@type\":\"BreadcrumbList\",\"@id\":\"https:\/\/web.gruene-zh.ch\/bezirk-affoltern\/blog\/medienmitteilungen\/dietiker-gruene-fuer-mehr-lebensqualitaet#breadcrumb\",\"itemListElement\":[{\"@type\":\"ListItem\",\"position\":1,\"name\":\"Startseite\",\"item\":\"https:\/\/web.gruene-zh.ch\/bezirk-affoltern\/\"},{\"@type\":\"ListItem\",\"position\":2,\"name\":\"Medienmitteilungen\",\"item\":\"https:\/\/web.gruene-zh.ch\/bezirk-affoltern\/blog\/category\/medienmitteilungen\"},{\"@type\":\"ListItem\",\"position\":3,\"name\":\"Polit-Stamm thematisiert Wohnungsnot\"}]},{\"@type\":\"WebSite\",\"@id\":\"https:\/\/web.gruene-zh.ch\/bezirk-affoltern\/#website\",\"url\":\"https:\/\/web.gruene-zh.ch\/bezirk-affoltern\/\",\"name\":\"GR\u00dcNE Bezirk Affoltern\",\"description\":\"Willkommen bei den GR\u00dcNEN Bezirk Affoltern\",\"potentialAction\":[{\"@type\":\"SearchAction\",\"target\":{\"@type\":\"EntryPoint\",\"urlTemplate\":\"https:\/\/web.gruene-zh.ch\/bezirk-affoltern\/?s={search_term_string}\"},\"query-input\":{\"@type\":\"PropertyValueSpecification\",\"valueRequired\":true,\"valueName\":\"search_term_string\"}}],\"inLanguage\":\"de\"},{\"@type\":\"Person\",\"@id\":\"https:\/\/web.gruene-zh.ch\/bezirk-affoltern\/#\/schema\/person\/5ab88d995f7eeb85026bfd9e270549e0\",\"name\":\"benjaminkraehenmann\",\"image\":{\"@type\":\"ImageObject\",\"inLanguage\":\"de\",\"@id\":\"https:\/\/web.gruene-zh.ch\/bezirk-affoltern\/#\/schema\/person\/image\/\",\"url\":\"https:\/\/secure.gravatar.com\/avatar\/8620fa4b2e3e973077ab9bc798b674d32a5e00aaba34f4ccf1c69404e0478383?s=96&d=mm&r=g\",\"contentUrl\":\"https:\/\/secure.gravatar.com\/avatar\/8620fa4b2e3e973077ab9bc798b674d32a5e00aaba34f4ccf1c69404e0478383?s=96&d=mm&r=g\",\"caption\":\"benjaminkraehenmann\"}}]}<\/script>\n<!-- \/ Yoast SEO plugin. -->","yoast_head_json":{"title":"Polit-Stamm thematisiert Wohnungsnot - GR\u00dcNE Bezirk Affoltern","description":"Der Wohnungsmarkt funktioniert nicht mehr f\u00fcr die breite Bev\u00f6lkerung. Aktuell liegt die Leerwohnungsziffer im Bezirk Affoltern bei 0,75 %, in der Stadt Affoltern bei 0,65 %. Alarmierende Zahlen: es fehlt an bezahlbarem Wohnraum \u2013 auch bei uns. Auf kantonaler Ebene sind drei Initiativen f\u00fcr bezahlbares Wohnen in der parlamentarischen Beratung","robots":{"index":"index","follow":"follow","max-snippet":"max-snippet:-1","max-image-preview":"max-image-preview:large","max-video-preview":"max-video-preview:-1"},"canonical":"https:\/\/web.gruene-zh.ch\/bezirk-affoltern\/blog\/medienmitteilungen\/dietiker-gruene-fuer-mehr-lebensqualitaet","og_locale":"de_DE","og_type":"article","og_title":"Polit-Stamm thematisiert Wohnungsnot - GR\u00dcNE Bezirk Affoltern","og_description":"Der Wohnungsmarkt funktioniert nicht mehr f\u00fcr die breite Bev\u00f6lkerung. Aktuell liegt die Leerwohnungsziffer im Bezirk Affoltern bei 0,75 \u2026","og_url":"https:\/\/web.gruene-zh.ch\/bezirk-affoltern\/blog\/medienmitteilungen\/dietiker-gruene-fuer-mehr-lebensqualitaet","og_site_name":"GR\u00dcNE Bezirk Affoltern","article_published_time":"2021-09-14T07:00:35+00:00","article_modified_time":"2025-07-24T13:22:51+00:00","author":"benjaminkraehenmann","twitter_card":"summary_large_image","twitter_misc":{"Verfasst von":"benjaminkraehenmann","Gesch\u00e4tzte Lesezeit":"3\u00a0Minuten"},"schema":{"@context":"https:\/\/schema.org","@graph":[{"@type":"Article","@id":"https:\/\/web.gruene-zh.ch\/bezirk-affoltern\/blog\/medienmitteilungen\/dietiker-gruene-fuer-mehr-lebensqualitaet#article","isPartOf":{"@id":"https:\/\/web.gruene-zh.ch\/bezirk-affoltern\/blog\/medienmitteilungen\/dietiker-gruene-fuer-mehr-lebensqualitaet"},"author":{"name":"benjaminkraehenmann","@id":"https:\/\/web.gruene-zh.ch\/bezirk-affoltern\/#\/schema\/person\/5ab88d995f7eeb85026bfd9e270549e0"},"headline":"Polit-Stamm thematisiert Wohnungsnot","datePublished":"2021-09-14T07:00:35+00:00","dateModified":"2025-07-24T13:22:51+00:00","mainEntityOfPage":{"@id":"https:\/\/web.gruene-zh.ch\/bezirk-affoltern\/blog\/medienmitteilungen\/dietiker-gruene-fuer-mehr-lebensqualitaet"},"wordCount":3,"articleSection":["Medienmitteilungen"],"inLanguage":"de"},{"@type":"WebPage","@id":"https:\/\/web.gruene-zh.ch\/bezirk-affoltern\/blog\/medienmitteilungen\/dietiker-gruene-fuer-mehr-lebensqualitaet","url":"https:\/\/web.gruene-zh.ch\/bezirk-affoltern\/blog\/medienmitteilungen\/dietiker-gruene-fuer-mehr-lebensqualitaet","name":"Polit-Stamm thematisiert Wohnungsnot - GR\u00dcNE Bezirk Affoltern","isPartOf":{"@id":"https:\/\/web.gruene-zh.ch\/bezirk-affoltern\/#website"},"datePublished":"2021-09-14T07:00:35+00:00","dateModified":"2025-07-24T13:22:51+00:00","author":{"@id":"https:\/\/web.gruene-zh.ch\/bezirk-affoltern\/#\/schema\/person\/5ab88d995f7eeb85026bfd9e270549e0"},"description":"Der Wohnungsmarkt funktioniert nicht mehr f\u00fcr die breite Bev\u00f6lkerung. Aktuell liegt die Leerwohnungsziffer im Bezirk Affoltern bei 0,75 %, in der Stadt Affoltern bei 0,65 %. Alarmierende Zahlen: es fehlt an bezahlbarem Wohnraum \u2013 auch bei uns. Auf kantonaler Ebene sind drei Initiativen f\u00fcr bezahlbares Wohnen in der parlamentarischen Beratung","breadcrumb":{"@id":"https:\/\/web.gruene-zh.ch\/bezirk-affoltern\/blog\/medienmitteilungen\/dietiker-gruene-fuer-mehr-lebensqualitaet#breadcrumb"},"inLanguage":"de","potentialAction":[{"@type":"ReadAction","target":["https:\/\/web.gruene-zh.ch\/bezirk-affoltern\/blog\/medienmitteilungen\/dietiker-gruene-fuer-mehr-lebensqualitaet"]}]},{"@type":"BreadcrumbList","@id":"https:\/\/web.gruene-zh.ch\/bezirk-affoltern\/blog\/medienmitteilungen\/dietiker-gruene-fuer-mehr-lebensqualitaet#breadcrumb","itemListElement":[{"@type":"ListItem","position":1,"name":"Startseite","item":"https:\/\/web.gruene-zh.ch\/bezirk-affoltern\/"},{"@type":"ListItem","position":2,"name":"Medienmitteilungen","item":"https:\/\/web.gruene-zh.ch\/bezirk-affoltern\/blog\/category\/medienmitteilungen"},{"@type":"ListItem","position":3,"name":"Polit-Stamm thematisiert Wohnungsnot"}]},{"@type":"WebSite","@id":"https:\/\/web.gruene-zh.ch\/bezirk-affoltern\/#website","url":"https:\/\/web.gruene-zh.ch\/bezirk-affoltern\/","name":"GR\u00dcNE Bezirk Affoltern","description":"Willkommen bei den GR\u00dcNEN Bezirk Affoltern","potentialAction":[{"@type":"SearchAction","target":{"@type":"EntryPoint","urlTemplate":"https:\/\/web.gruene-zh.ch\/bezirk-affoltern\/?s={search_term_string}"},"query-input":{"@type":"PropertyValueSpecification","valueRequired":true,"valueName":"search_term_string"}}],"inLanguage":"de"},{"@type":"Person","@id":"https:\/\/web.gruene-zh.ch\/bezirk-affoltern\/#\/schema\/person\/5ab88d995f7eeb85026bfd9e270549e0","name":"benjaminkraehenmann","image":{"@type":"ImageObject","inLanguage":"de","@id":"https:\/\/web.gruene-zh.ch\/bezirk-affoltern\/#\/schema\/person\/image\/","url":"https:\/\/secure.gravatar.com\/avatar\/8620fa4b2e3e973077ab9bc798b674d32a5e00aaba34f4ccf1c69404e0478383?s=96&d=mm&r=g","contentUrl":"https:\/\/secure.gravatar.com\/avatar\/8620fa4b2e3e973077ab9bc798b674d32a5e00aaba34f4ccf1c69404e0478383?s=96&d=mm&r=g","caption":"benjaminkraehenmann"}}]}},"_links":{"self":[{"href":"https:\/\/web.gruene-zh.ch\/bezirk-affoltern\/wp-json\/wp\/v2\/posts\/772","targetHints":{"allow":["GET"]}}],"collection":[{"href":"https:\/\/web.gruene-zh.ch\/bezirk-affoltern\/wp-json\/wp\/v2\/posts"}],"about":[{"href":"https:\/\/web.gruene-zh.ch\/bezirk-affoltern\/wp-json\/wp\/v2\/types\/post"}],"author":[{"embeddable":true,"href":"https:\/\/web.gruene-zh.ch\/bezirk-affoltern\/wp-json\/wp\/v2\/users\/12"}],"replies":[{"embeddable":true,"href":"https:\/\/web.gruene-zh.ch\/bezirk-affoltern\/wp-json\/wp\/v2\/comments?post=772"}],"version-history":[{"count":16,"href":"https:\/\/web.gruene-zh.ch\/bezirk-affoltern\/wp-json\/wp\/v2\/posts\/772\/revisions"}],"predecessor-version":[{"id":1103,"href":"https:\/\/web.gruene-zh.ch\/bezirk-affoltern\/wp-json\/wp\/v2\/posts\/772\/revisions\/1103"}],"wp:attachment":[{"href":"https:\/\/web.gruene-zh.ch\/bezirk-affoltern\/wp-json\/wp\/v2\/media?parent=772"}],"wp:term":[{"taxonomy":"category","embeddable":true,"href":"https:\/\/web.gruene-zh.ch\/bezirk-affoltern\/wp-json\/wp\/v2\/categories?post=772"},{"taxonomy":"post_tag","embeddable":true,"href":"https:\/\/web.gruene-zh.ch\/bezirk-affoltern\/wp-json\/wp\/v2\/tags?post=772"}],"curies":[{"name":"wp","href":"https:\/\/api.w.org\/{rel}","templated":true}]}}