{"id":888,"date":"2021-12-23T14:59:19","date_gmt":"2021-12-23T13:59:19","guid":{"rendered":"https:\/\/web.gruene-zh.ch\/affoltern\/?p=888"},"modified":"2025-06-08T22:05:13","modified_gmt":"2025-06-08T20:05:13","slug":"petition-gegen-laermige-feuerwerke","status":"publish","type":"post","link":"https:\/\/web.gruene-zh.ch\/affoltern\/blog\/vorstoesse\/petition-gegen-laermige-feuerwerke","title":{"rendered":"Petition gegen l\u00e4rmige Feuerwerke"},"content":{"rendered":"","protected":false},"excerpt":{"rendered":"","protected":false},"author":12,"featured_media":0,"comment_status":"closed","ping_status":"closed","sticky":false,"template":"","format":"standard","meta":{"_acf_changed":false,"inline_featured_image":false,"footnotes":""},"categories":[22],"tags":[],"class_list":["post-888","post","type-post","status-publish","format-standard","hentry","category-vorstoesse"],"acf":[],"yoast_head":"<!-- This site is optimized with the Yoast SEO plugin v26.9 - https:\/\/yoast.com\/product\/yoast-seo-wordpress\/ -->\n<title>Petition gegen l\u00e4rmige Feuerwerke - GR\u00dcNE Affoltern<\/title>\n<meta name=\"description\" content=\"Die GR\u00dcNEN der Stadt Affoltern haben Ende Januar 2025 bei der Stadt Affoltern eine Petition f\u00fcr ein Verbot von Feuerwerken eingereicht. Die Stadt hat das Anliegen aufgenommen.\" \/>\n<meta name=\"robots\" content=\"index, follow, max-snippet:-1, max-image-preview:large, max-video-preview:-1\" \/>\n<link rel=\"canonical\" href=\"https:\/\/web.gruene-zh.ch\/affoltern\/blog\/vorstoesse\/petition-gegen-laermige-feuerwerke\" \/>\n<meta property=\"og:locale\" content=\"de_DE\" \/>\n<meta property=\"og:type\" content=\"article\" \/>\n<meta property=\"og:title\" content=\"Petition gegen l\u00e4rmige Feuerwerke - GR\u00dcNE Affoltern\" \/>\n<meta property=\"og:description\" content=\"Die GR\u00dcNEN der Stadt Affoltern haben Ende Januar 2025 bei der Stadt Affoltern eine Petition f\u00fcr ein Verbot von Feuerwerken eingereicht. \u2026\" \/>\n<meta property=\"og:url\" content=\"https:\/\/web.gruene-zh.ch\/affoltern\/blog\/vorstoesse\/petition-gegen-laermige-feuerwerke\" \/>\n<meta property=\"og:site_name\" content=\"GR\u00dcNE Affoltern\" \/>\n<meta property=\"article:published_time\" content=\"2021-12-23T13:59:19+00:00\" \/>\n<meta property=\"article:modified_time\" content=\"2025-06-08T20:05:13+00:00\" \/>\n<meta name=\"author\" content=\"benjaminkraehenmann\" \/>\n<meta name=\"twitter:card\" content=\"summary_large_image\" \/>\n<meta name=\"twitter:label1\" content=\"Verfasst von\" \/>\n\t<meta name=\"twitter:data1\" content=\"benjaminkraehenmann\" \/>\n\t<meta name=\"twitter:label2\" content=\"Gesch\u00e4tzte Lesezeit\" \/>\n\t<meta name=\"twitter:data2\" content=\"1\u00a0Minute\" \/>\n<script type=\"application\/ld+json\" class=\"yoast-schema-graph\">{\"@context\":\"https:\/\/schema.org\",\"@graph\":[{\"@type\":\"Article\",\"@id\":\"https:\/\/web.gruene-zh.ch\/affoltern\/blog\/vorstoesse\/petition-gegen-laermige-feuerwerke#article\",\"isPartOf\":{\"@id\":\"https:\/\/web.gruene-zh.ch\/affoltern\/blog\/vorstoesse\/petition-gegen-laermige-feuerwerke\"},\"author\":{\"name\":\"benjaminkraehenmann\",\"@id\":\"https:\/\/web.gruene-zh.ch\/affoltern\/#\/schema\/person\/5ab88d995f7eeb85026bfd9e270549e0\"},\"headline\":\"Petition gegen l\u00e4rmige Feuerwerke\",\"datePublished\":\"2021-12-23T13:59:19+00:00\",\"dateModified\":\"2025-06-08T20:05:13+00:00\",\"mainEntityOfPage\":{\"@id\":\"https:\/\/web.gruene-zh.ch\/affoltern\/blog\/vorstoesse\/petition-gegen-laermige-feuerwerke\"},\"wordCount\":5,\"articleSection\":[\"Vorst\u00f6sse\"],\"inLanguage\":\"de\"},{\"@type\":\"WebPage\",\"@id\":\"https:\/\/web.gruene-zh.ch\/affoltern\/blog\/vorstoesse\/petition-gegen-laermige-feuerwerke\",\"url\":\"https:\/\/web.gruene-zh.ch\/affoltern\/blog\/vorstoesse\/petition-gegen-laermige-feuerwerke\",\"name\":\"Petition gegen l\u00e4rmige Feuerwerke - GR\u00dcNE Affoltern\",\"isPartOf\":{\"@id\":\"https:\/\/web.gruene-zh.ch\/affoltern\/#website\"},\"datePublished\":\"2021-12-23T13:59:19+00:00\",\"dateModified\":\"2025-06-08T20:05:13+00:00\",\"author\":{\"@id\":\"https:\/\/web.gruene-zh.ch\/affoltern\/#\/schema\/person\/5ab88d995f7eeb85026bfd9e270549e0\"},\"description\":\"Die GR\u00dcNEN der Stadt Affoltern haben Ende Januar 2025 bei der Stadt Affoltern eine Petition f\u00fcr ein Verbot von Feuerwerken eingereicht. Die Stadt hat das Anliegen aufgenommen.\",\"breadcrumb\":{\"@id\":\"https:\/\/web.gruene-zh.ch\/affoltern\/blog\/vorstoesse\/petition-gegen-laermige-feuerwerke#breadcrumb\"},\"inLanguage\":\"de\",\"potentialAction\":[{\"@type\":\"ReadAction\",\"target\":[\"https:\/\/web.gruene-zh.ch\/affoltern\/blog\/vorstoesse\/petition-gegen-laermige-feuerwerke\"]}]},{\"@type\":\"BreadcrumbList\",\"@id\":\"https:\/\/web.gruene-zh.ch\/affoltern\/blog\/vorstoesse\/petition-gegen-laermige-feuerwerke#breadcrumb\",\"itemListElement\":[{\"@type\":\"ListItem\",\"position\":1,\"name\":\"Startseite\",\"item\":\"https:\/\/web.gruene-zh.ch\/affoltern\/\"},{\"@type\":\"ListItem\",\"position\":2,\"name\":\"Mitmachen\",\"item\":\"https:\/\/web.gruene-zh.ch\/affoltern\/blog\/category\/vorstoesse#menu-item-891\"},{\"@type\":\"ListItem\",\"position\":3,\"name\":\"Petition gegen l\u00e4rmige Feuerwerke\"}]},{\"@type\":\"WebSite\",\"@id\":\"https:\/\/web.gruene-zh.ch\/affoltern\/#website\",\"url\":\"https:\/\/web.gruene-zh.ch\/affoltern\/\",\"name\":\"GR\u00dcNE Affoltern\",\"description\":\"Ein Plus an Lebensqualit\u00e4t. \",\"potentialAction\":[{\"@type\":\"SearchAction\",\"target\":{\"@type\":\"EntryPoint\",\"urlTemplate\":\"https:\/\/web.gruene-zh.ch\/affoltern\/?s={search_term_string}\"},\"query-input\":{\"@type\":\"PropertyValueSpecification\",\"valueRequired\":true,\"valueName\":\"search_term_string\"}}],\"inLanguage\":\"de\"},{\"@type\":\"Person\",\"@id\":\"https:\/\/web.gruene-zh.ch\/affoltern\/#\/schema\/person\/5ab88d995f7eeb85026bfd9e270549e0\",\"name\":\"benjaminkraehenmann\",\"image\":{\"@type\":\"ImageObject\",\"inLanguage\":\"de\",\"@id\":\"https:\/\/web.gruene-zh.ch\/affoltern\/#\/schema\/person\/image\/\",\"url\":\"https:\/\/secure.gravatar.com\/avatar\/8620fa4b2e3e973077ab9bc798b674d32a5e00aaba34f4ccf1c69404e0478383?s=96&d=mm&r=g\",\"contentUrl\":\"https:\/\/secure.gravatar.com\/avatar\/8620fa4b2e3e973077ab9bc798b674d32a5e00aaba34f4ccf1c69404e0478383?s=96&d=mm&r=g\",\"caption\":\"benjaminkraehenmann\"}}]}<\/script>\n<!-- \/ Yoast SEO plugin. -->","yoast_head_json":{"title":"Petition gegen l\u00e4rmige Feuerwerke - GR\u00dcNE Affoltern","description":"Die GR\u00dcNEN der Stadt Affoltern haben Ende Januar 2025 bei der Stadt Affoltern eine Petition f\u00fcr ein Verbot von Feuerwerken eingereicht. Die Stadt hat das Anliegen aufgenommen.","robots":{"index":"index","follow":"follow","max-snippet":"max-snippet:-1","max-image-preview":"max-image-preview:large","max-video-preview":"max-video-preview:-1"},"canonical":"https:\/\/web.gruene-zh.ch\/affoltern\/blog\/vorstoesse\/petition-gegen-laermige-feuerwerke","og_locale":"de_DE","og_type":"article","og_title":"Petition gegen l\u00e4rmige Feuerwerke - GR\u00dcNE Affoltern","og_description":"Die GR\u00dcNEN der Stadt Affoltern haben Ende Januar 2025 bei der Stadt Affoltern eine Petition f\u00fcr ein Verbot von Feuerwerken eingereicht. \u2026","og_url":"https:\/\/web.gruene-zh.ch\/affoltern\/blog\/vorstoesse\/petition-gegen-laermige-feuerwerke","og_site_name":"GR\u00dcNE Affoltern","article_published_time":"2021-12-23T13:59:19+00:00","article_modified_time":"2025-06-08T20:05:13+00:00","author":"benjaminkraehenmann","twitter_card":"summary_large_image","twitter_misc":{"Verfasst von":"benjaminkraehenmann","Gesch\u00e4tzte Lesezeit":"1\u00a0Minute"},"schema":{"@context":"https:\/\/schema.org","@graph":[{"@type":"Article","@id":"https:\/\/web.gruene-zh.ch\/affoltern\/blog\/vorstoesse\/petition-gegen-laermige-feuerwerke#article","isPartOf":{"@id":"https:\/\/web.gruene-zh.ch\/affoltern\/blog\/vorstoesse\/petition-gegen-laermige-feuerwerke"},"author":{"name":"benjaminkraehenmann","@id":"https:\/\/web.gruene-zh.ch\/affoltern\/#\/schema\/person\/5ab88d995f7eeb85026bfd9e270549e0"},"headline":"Petition gegen l\u00e4rmige Feuerwerke","datePublished":"2021-12-23T13:59:19+00:00","dateModified":"2025-06-08T20:05:13+00:00","mainEntityOfPage":{"@id":"https:\/\/web.gruene-zh.ch\/affoltern\/blog\/vorstoesse\/petition-gegen-laermige-feuerwerke"},"wordCount":5,"articleSection":["Vorst\u00f6sse"],"inLanguage":"de"},{"@type":"WebPage","@id":"https:\/\/web.gruene-zh.ch\/affoltern\/blog\/vorstoesse\/petition-gegen-laermige-feuerwerke","url":"https:\/\/web.gruene-zh.ch\/affoltern\/blog\/vorstoesse\/petition-gegen-laermige-feuerwerke","name":"Petition gegen l\u00e4rmige Feuerwerke - GR\u00dcNE Affoltern","isPartOf":{"@id":"https:\/\/web.gruene-zh.ch\/affoltern\/#website"},"datePublished":"2021-12-23T13:59:19+00:00","dateModified":"2025-06-08T20:05:13+00:00","author":{"@id":"https:\/\/web.gruene-zh.ch\/affoltern\/#\/schema\/person\/5ab88d995f7eeb85026bfd9e270549e0"},"description":"Die GR\u00dcNEN der Stadt Affoltern haben Ende Januar 2025 bei der Stadt Affoltern eine Petition f\u00fcr ein Verbot von Feuerwerken eingereicht. Die Stadt hat das Anliegen aufgenommen.","breadcrumb":{"@id":"https:\/\/web.gruene-zh.ch\/affoltern\/blog\/vorstoesse\/petition-gegen-laermige-feuerwerke#breadcrumb"},"inLanguage":"de","potentialAction":[{"@type":"ReadAction","target":["https:\/\/web.gruene-zh.ch\/affoltern\/blog\/vorstoesse\/petition-gegen-laermige-feuerwerke"]}]},{"@type":"BreadcrumbList","@id":"https:\/\/web.gruene-zh.ch\/affoltern\/blog\/vorstoesse\/petition-gegen-laermige-feuerwerke#breadcrumb","itemListElement":[{"@type":"ListItem","position":1,"name":"Startseite","item":"https:\/\/web.gruene-zh.ch\/affoltern\/"},{"@type":"ListItem","position":2,"name":"Mitmachen","item":"https:\/\/web.gruene-zh.ch\/affoltern\/blog\/category\/vorstoesse#menu-item-891"},{"@type":"ListItem","position":3,"name":"Petition gegen l\u00e4rmige Feuerwerke"}]},{"@type":"WebSite","@id":"https:\/\/web.gruene-zh.ch\/affoltern\/#website","url":"https:\/\/web.gruene-zh.ch\/affoltern\/","name":"GR\u00dcNE Affoltern","description":"Ein Plus an Lebensqualit\u00e4t. ","potentialAction":[{"@type":"SearchAction","target":{"@type":"EntryPoint","urlTemplate":"https:\/\/web.gruene-zh.ch\/affoltern\/?s={search_term_string}"},"query-input":{"@type":"PropertyValueSpecification","valueRequired":true,"valueName":"search_term_string"}}],"inLanguage":"de"},{"@type":"Person","@id":"https:\/\/web.gruene-zh.ch\/affoltern\/#\/schema\/person\/5ab88d995f7eeb85026bfd9e270549e0","name":"benjaminkraehenmann","image":{"@type":"ImageObject","inLanguage":"de","@id":"https:\/\/web.gruene-zh.ch\/affoltern\/#\/schema\/person\/image\/","url":"https:\/\/secure.gravatar.com\/avatar\/8620fa4b2e3e973077ab9bc798b674d32a5e00aaba34f4ccf1c69404e0478383?s=96&d=mm&r=g","contentUrl":"https:\/\/secure.gravatar.com\/avatar\/8620fa4b2e3e973077ab9bc798b674d32a5e00aaba34f4ccf1c69404e0478383?s=96&d=mm&r=g","caption":"benjaminkraehenmann"}}]}},"_links":{"self":[{"href":"https:\/\/web.gruene-zh.ch\/affoltern\/wp-json\/wp\/v2\/posts\/888","targetHints":{"allow":["GET"]}}],"collection":[{"href":"https:\/\/web.gruene-zh.ch\/affoltern\/wp-json\/wp\/v2\/posts"}],"about":[{"href":"https:\/\/web.gruene-zh.ch\/affoltern\/wp-json\/wp\/v2\/types\/post"}],"author":[{"embeddable":true,"href":"https:\/\/web.gruene-zh.ch\/affoltern\/wp-json\/wp\/v2\/users\/12"}],"replies":[{"embeddable":true,"href":"https:\/\/web.gruene-zh.ch\/affoltern\/wp-json\/wp\/v2\/comments?post=888"}],"version-history":[{"count":17,"href":"https:\/\/web.gruene-zh.ch\/affoltern\/wp-json\/wp\/v2\/posts\/888\/revisions"}],"predecessor-version":[{"id":1157,"href":"https:\/\/web.gruene-zh.ch\/affoltern\/wp-json\/wp\/v2\/posts\/888\/revisions\/1157"}],"wp:attachment":[{"href":"https:\/\/web.gruene-zh.ch\/affoltern\/wp-json\/wp\/v2\/media?parent=888"}],"wp:term":[{"taxonomy":"category","embeddable":true,"href":"https:\/\/web.gruene-zh.ch\/affoltern\/wp-json\/wp\/v2\/categories?post=888"},{"taxonomy":"post_tag","embeddable":true,"href":"https:\/\/web.gruene-zh.ch\/affoltern\/wp-json\/wp\/v2\/tags?post=888"}],"curies":[{"name":"wp","href":"https:\/\/api.w.org\/{rel}","templated":true}]}}